{"id":3540,"date":"2019-08-06T11:48:22","date_gmt":"2019-08-06T09:48:22","guid":{"rendered":"https:\/\/rolandsulzer.com\/blog\/?p=3540"},"modified":"2019-08-06T11:49:26","modified_gmt":"2019-08-06T09:49:26","slug":"hochzeitsfotos-in-schwarz-weiss-sophie-und-peter","status":"publish","type":"post","link":"https:\/\/www.rolandsulzer.com\/blog\/2019\/08\/06\/hochzeitsfotos-in-schwarz-weiss-sophie-und-peter\/","title":{"rendered":"Hochzeitsfotos in Schwarz-Wei\u00df &#8211; Sophie und Peter"},"content":{"rendered":"<p>Schon lange wollte ich alle Hochzeitsfotos in Schwarz-Wei\u00df pr\u00e4sentieren. Eigentlich denke ich jedes Mal daran, wenn ich mir aus einer Hochzeitsreportage die Bilder aussuche, die f\u00fcr Schwarz-Wei\u00df besonders geeignet sind.<\/p>\n<p>Hier seht Ihr ein paar Bilder vom gro\u00dfen Tag von Sophie und Peter. Die beiden waren einfach traumhaft zusammen. Diese Hochzeitsserie in Schwarz-Wei\u00df hat f\u00fcr mich einen besonderen Reiz.<br \/>\nIch fotografiere alle meine Bilder im RAW-Format meiner Kamera. Dadurch habe ich in meinen Dateien die Farbinformation vorliegen. Aber manche Bilder \u201ewollen\u201c einfach Schwarz-Wei\u00df werden. Oft sind das die gro\u00dfen Momente des Tages oder wundersch\u00f6ne Hochzeitsbilder vom Paarsession.<\/p>\n<p>Die Umwandlung in eine Schwarz-Wei\u00df-Aufnahme erfolgt dabei nicht einfach durch Entziehen der Farben. Vielmehr ist es eine Umsetzung der verschiedenen Farbt\u00f6ne des Originales in passende Graustufen. Zum Beispiel setzte ich Rott\u00f6ne vom Gesicht oft etwas heller um als Blaut\u00f6ne vom Himmel. Erst dadurch bekommt ein Schwarz-Wei\u00df-Hochzeitsfoto seinen eigenen Charakter.<br \/>\nUnd der Charakter dieser Fotos hat es in sich. Durch die Reduktion, so empfinde ich, kann man sich manchmal noch besser auf das Wesentlich der Aufnahme konzentrieren: Lichtstimmung, der Moment und Emotion kommen intensiv zum Vorschein.<\/p>\n<p>Ob man nun eine ganze Serie in Schwarz-Wei\u00df haben m\u00f6chte oder ob ein paar Bilder sorgf\u00e4ltig umgewandelt werden, diese Bilder erwecken in mir immer ganz besondere Erinnerungen.<\/p>\n<p>&nbsp;<\/p>\n<p style=\"text-align: center;\"><strong>Verlobt und auf der Suche nach Deinem Hochzeitsfotografen?<\/strong><br \/>\n<strong>Hole Dir kostenlos mein E-Book mit Tipps zur Auswahl des Hochzeitsfotografen oder kontaktiere mich!<\/strong><\/p>\n<p><a class=\"fusion-no-lightbox\" href=\"https:\/\/www.rolandsulzer.com\/info\/e-book\"><img decoding=\"async\" class=\"ixp0hn3afghu fr-draggable aligncenter lazyloaded\" src=\"https:\/\/cdn.goodgallery.com\/e2c16b6b-5d55-4d90-8e69-33ba808aa1d7\/t\/0800\/2fc6sw18\/xp0hn3afghu.png\" alt=\"\" width=\"238\" height=\"77\" data-src=\"https:\/\/cdn.goodgallery.com\/e2c16b6b-5d55-4d90-8e69-33ba808aa1d7\/t\/0800\/2fc6sw18\/xp0hn3afghu.png\" data-photoname=\"xp0hn3afghu\" \/><\/a><a class=\"fusion-no-lightbox\" href=\"https:\/\/www.rolandsulzer.com\/kontakt\"><img decoding=\"async\" class=\"ipelovgzzvkg fr-draggable aligncenter lazyloaded\" src=\"https:\/\/cdn.goodgallery.com\/e2c16b6b-5d55-4d90-8e69-33ba808aa1d7\/t\/0800\/2fc6swn9\/pelovgzzvkg.png\" alt=\"\" width=\"239\" height=\"77\" data-src=\"https:\/\/cdn.goodgallery.com\/e2c16b6b-5d55-4d90-8e69-33ba808aa1d7\/t\/0800\/2fc6swn9\/pelovgzzvkg.png\" data-photoname=\"pelovgzzvkg\" \/><\/a><\/p>\n<p><img decoding=\"async\" class=\"lazyload aligncenter size-large wp-image-3545\" src=\"https:\/\/rolandsulzer.com\/blog\/wp-content\/uploads\/2019\/08\/Hochzeitsfotos-Schwarz-Weiss-01-1024x683.jpg\" data-orig-src=\"https:\/\/rolandsulzer.com\/blog\/wp-content\/uploads\/2019\/08\/Hochzeitsfotos-Schwarz-Weiss-01-1024x683.jpg\" alt=\"\" width=\"1024\" height=\"683\" srcset=\"data:image\/svg+xml,%3Csvg%20xmlns%3D%27http%3A%2F%2Fwww.w3.org%2F2000%2Fsvg%27%20width%3D%271024%27%20height%3D%27683%27%20viewBox%3D%270%200%201024%20683%27%3E%3Crect%20width%3D%271024%27%20height%3D%27683%27%20fill-opacity%3D%220%22%2F%3E%3C%2Fsvg%3E\" data-srcset=\"https:\/\/www.rolandsulzer.com\/blog\/wp-content\/uploads\/2019\/08\/Hochzeitsfotos-Schwarz-Weiss-01-200x133.jpg 200w, https:\/\/www.rolandsulzer.com\/blog\/wp-content\/uploads\/2019\/08\/Hochzeitsfotos-Schwarz-Weiss-01-300x200.jpg 300w, https:\/\/www.rolandsulzer.com\/blog\/wp-content\/uploads\/2019\/08\/Hochzeitsfotos-Schwarz-Weiss-01-400x267.jpg 400w, https:\/\/www.rolandsulzer.com\/blog\/wp-content\/uploads\/2019\/08\/Hochzeitsfotos-Schwarz-Weiss-01-600x400.jpg 600w, https:\/\/www.rolandsulzer.com\/blog\/wp-content\/uploads\/2019\/08\/Hochzeitsfotos-Schwarz-Weiss-01-768x512.jpg 768w, https:\/\/www.rolandsulzer.com\/blog\/wp-content\/uploads\/2019\/08\/Hochzeitsfotos-Schwarz-Weiss-01-800x533.jpg 800w, https:\/\/www.rolandsulzer.com\/blog\/wp-content\/uploads\/2019\/08\/Hochzeitsfotos-Schwarz-Weiss-01-1024x683.jpg 1024w, https:\/\/www.rolandsulzer.com\/blog\/wp-content\/uploads\/2019\/08\/Hochzeitsfotos-Schwarz-Weiss-01.jpg 1200w\" data-sizes=\"auto\" data-orig-sizes=\"(max-width: 1024px) 100vw, 1024px\" \/><\/p>\n<p><img decoding=\"async\" class=\"lazyload aligncenter size-large wp-image-3546\" src=\"https:\/\/rolandsulzer.com\/blog\/wp-content\/uploads\/2019\/08\/Hochzeitsfotos-Schwarz-Weiss-02-1-1024x683.jpg\" data-orig-src=\"https:\/\/rolandsulzer.com\/blog\/wp-content\/uploads\/2019\/08\/Hochzeitsfotos-Schwarz-Weiss-02-1-1024x683.jpg\" alt=\"\" width=\"1024\" height=\"683\" srcset=\"data:image\/svg+xml,%3Csvg%20xmlns%3D%27http%3A%2F%2Fwww.w3.org%2F2000%2Fsvg%27%20width%3D%271024%27%20height%3D%27683%27%20viewBox%3D%270%200%201024%20683%27%3E%3Crect%20width%3D%271024%27%20height%3D%27683%27%20fill-opacity%3D%220%22%2F%3E%3C%2Fsvg%3E\" data-srcset=\"https:\/\/www.rolandsulzer.com\/blog\/wp-content\/uploads\/2019\/08\/Hochzeitsfotos-Schwarz-Weiss-02-1-200x133.jpg 200w, https:\/\/www.rolandsulzer.com\/blog\/wp-content\/uploads\/2019\/08\/Hochzeitsfotos-Schwarz-Weiss-02-1-300x200.jpg 300w, https:\/\/www.rolandsulzer.com\/blog\/wp-content\/uploads\/2019\/08\/Hochzeitsfotos-Schwarz-Weiss-02-1-400x267.jpg 400w, https:\/\/www.rolandsulzer.com\/blog\/wp-content\/uploads\/2019\/08\/Hochzeitsfotos-Schwarz-Weiss-02-1-600x400.jpg 600w, https:\/\/www.rolandsulzer.com\/blog\/wp-content\/uploads\/2019\/08\/Hochzeitsfotos-Schwarz-Weiss-02-1-768x512.jpg 768w, https:\/\/www.rolandsulzer.com\/blog\/wp-content\/uploads\/2019\/08\/Hochzeitsfotos-Schwarz-Weiss-02-1-800x533.jpg 800w, https:\/\/www.rolandsulzer.com\/blog\/wp-content\/uploads\/2019\/08\/Hochzeitsfotos-Schwarz-Weiss-02-1-1024x683.jpg 1024w, https:\/\/www.rolandsulzer.com\/blog\/wp-content\/uploads\/2019\/08\/Hochzeitsfotos-Schwarz-Weiss-02-1.jpg 1200w\" data-sizes=\"auto\" data-orig-sizes=\"(max-width: 1024px) 100vw, 1024px\" \/><\/p>\n<p><img decoding=\"async\" class=\"lazyload aligncenter size-large wp-image-3547\" src=\"https:\/\/rolandsulzer.com\/blog\/wp-content\/uploads\/2019\/08\/Hochzeitsfotos-Schwarz-Weiss-03-2-1024x683.jpg\" data-orig-src=\"https:\/\/rolandsulzer.com\/blog\/wp-content\/uploads\/2019\/08\/Hochzeitsfotos-Schwarz-Weiss-03-2-1024x683.jpg\" alt=\"\" width=\"1024\" height=\"683\" srcset=\"data:image\/svg+xml,%3Csvg%20xmlns%3D%27http%3A%2F%2Fwww.w3.org%2F2000%2Fsvg%27%20width%3D%271024%27%20height%3D%27683%27%20viewBox%3D%270%200%201024%20683%27%3E%3Crect%20width%3D%271024%27%20height%3D%27683%27%20fill-opacity%3D%220%22%2F%3E%3C%2Fsvg%3E\" data-srcset=\"https:\/\/www.rolandsulzer.com\/blog\/wp-content\/uploads\/2019\/08\/Hochzeitsfotos-Schwarz-Weiss-03-2-200x133.jpg 200w, https:\/\/www.rolandsulzer.com\/blog\/wp-content\/uploads\/2019\/08\/Hochzeitsfotos-Schwarz-Weiss-03-2-300x200.jpg 300w, https:\/\/www.rolandsulzer.com\/blog\/wp-content\/uploads\/2019\/08\/Hochzeitsfotos-Schwarz-Weiss-03-2-400x267.jpg 400w, https:\/\/www.rolandsulzer.com\/blog\/wp-content\/uploads\/2019\/08\/Hochzeitsfotos-Schwarz-Weiss-03-2-600x400.jpg 600w, https:\/\/www.rolandsulzer.com\/blog\/wp-content\/uploads\/2019\/08\/Hochzeitsfotos-Schwarz-Weiss-03-2-768x512.jpg 768w, https:\/\/www.rolandsulzer.com\/blog\/wp-content\/uploads\/2019\/08\/Hochzeitsfotos-Schwarz-Weiss-03-2-800x533.jpg 800w, https:\/\/www.rolandsulzer.com\/blog\/wp-content\/uploads\/2019\/08\/Hochzeitsfotos-Schwarz-Weiss-03-2-1024x683.jpg 1024w, https:\/\/www.rolandsulzer.com\/blog\/wp-content\/uploads\/2019\/08\/Hochzeitsfotos-Schwarz-Weiss-03-2.jpg 1200w\" data-sizes=\"auto\" data-orig-sizes=\"(max-width: 1024px) 100vw, 1024px\" \/><\/p>\n<p><img decoding=\"async\" class=\"lazyload aligncenter size-large wp-image-3548\" src=\"https:\/\/rolandsulzer.com\/blog\/wp-content\/uploads\/2019\/08\/Hochzeitsfotos-Schwarz-Weiss-04-1024x683.jpg\" data-orig-src=\"https:\/\/rolandsulzer.com\/blog\/wp-content\/uploads\/2019\/08\/Hochzeitsfotos-Schwarz-Weiss-04-1024x683.jpg\" alt=\"\" width=\"1024\" height=\"683\" srcset=\"data:image\/svg+xml,%3Csvg%20xmlns%3D%27http%3A%2F%2Fwww.w3.org%2F2000%2Fsvg%27%20width%3D%271024%27%20height%3D%27683%27%20viewBox%3D%270%200%201024%20683%27%3E%3Crect%20width%3D%271024%27%20height%3D%27683%27%20fill-opacity%3D%220%22%2F%3E%3C%2Fsvg%3E\" data-srcset=\"https:\/\/www.rolandsulzer.com\/blog\/wp-content\/uploads\/2019\/08\/Hochzeitsfotos-Schwarz-Weiss-04-200x133.jpg 200w, https:\/\/www.rolandsulzer.com\/blog\/wp-content\/uploads\/2019\/08\/Hochzeitsfotos-Schwarz-Weiss-04-300x200.jpg 300w, https:\/\/www.rolandsulzer.com\/blog\/wp-content\/uploads\/2019\/08\/Hochzeitsfotos-Schwarz-Weiss-04-400x267.jpg 400w, https:\/\/www.rolandsulzer.com\/blog\/wp-content\/uploads\/2019\/08\/Hochzeitsfotos-Schwarz-Weiss-04-600x400.jpg 600w, https:\/\/www.rolandsulzer.com\/blog\/wp-content\/uploads\/2019\/08\/Hochzeitsfotos-Schwarz-Weiss-04-768x512.jpg 768w, https:\/\/www.rolandsulzer.com\/blog\/wp-content\/uploads\/2019\/08\/Hochzeitsfotos-Schwarz-Weiss-04-800x533.jpg 800w, https:\/\/www.rolandsulzer.com\/blog\/wp-content\/uploads\/2019\/08\/Hochzeitsfotos-Schwarz-Weiss-04-1024x683.jpg 1024w, https:\/\/www.rolandsulzer.com\/blog\/wp-content\/uploads\/2019\/08\/Hochzeitsfotos-Schwarz-Weiss-04.jpg 1200w\" data-sizes=\"auto\" data-orig-sizes=\"(max-width: 1024px) 100vw, 1024px\" \/><\/p>\n<p><img decoding=\"async\" class=\"lazyload aligncenter size-large wp-image-3549\" src=\"https:\/\/rolandsulzer.com\/blog\/wp-content\/uploads\/2019\/08\/Hochzeitsfotos-Schwarz-Weiss-05-1024x683.jpg\" data-orig-src=\"https:\/\/rolandsulzer.com\/blog\/wp-content\/uploads\/2019\/08\/Hochzeitsfotos-Schwarz-Weiss-05-1024x683.jpg\" alt=\"\" width=\"1024\" height=\"683\" srcset=\"data:image\/svg+xml,%3Csvg%20xmlns%3D%27http%3A%2F%2Fwww.w3.org%2F2000%2Fsvg%27%20width%3D%271024%27%20height%3D%27683%27%20viewBox%3D%270%200%201024%20683%27%3E%3Crect%20width%3D%271024%27%20height%3D%27683%27%20fill-opacity%3D%220%22%2F%3E%3C%2Fsvg%3E\" data-srcset=\"https:\/\/www.rolandsulzer.com\/blog\/wp-content\/uploads\/2019\/08\/Hochzeitsfotos-Schwarz-Weiss-05-200x133.jpg 200w, https:\/\/www.rolandsulzer.com\/blog\/wp-content\/uploads\/2019\/08\/Hochzeitsfotos-Schwarz-Weiss-05-300x200.jpg 300w, https:\/\/www.rolandsulzer.com\/blog\/wp-content\/uploads\/2019\/08\/Hochzeitsfotos-Schwarz-Weiss-05-400x267.jpg 400w, https:\/\/www.rolandsulzer.com\/blog\/wp-content\/uploads\/2019\/08\/Hochzeitsfotos-Schwarz-Weiss-05-600x400.jpg 600w, https:\/\/www.rolandsulzer.com\/blog\/wp-content\/uploads\/2019\/08\/Hochzeitsfotos-Schwarz-Weiss-05-768x512.jpg 768w, https:\/\/www.rolandsulzer.com\/blog\/wp-content\/uploads\/2019\/08\/Hochzeitsfotos-Schwarz-Weiss-05-800x533.jpg 800w, https:\/\/www.rolandsulzer.com\/blog\/wp-content\/uploads\/2019\/08\/Hochzeitsfotos-Schwarz-Weiss-05-1024x683.jpg 1024w, https:\/\/www.rolandsulzer.com\/blog\/wp-content\/uploads\/2019\/08\/Hochzeitsfotos-Schwarz-Weiss-05.jpg 1200w\" data-sizes=\"auto\" data-orig-sizes=\"(max-width: 1024px) 100vw, 1024px\" \/><\/p>\n<p><img decoding=\"async\" class=\"lazyload aligncenter size-large wp-image-3550\" src=\"https:\/\/rolandsulzer.com\/blog\/wp-content\/uploads\/2019\/08\/Hochzeitsfotos-Schwarz-Weiss-06-1024x683.jpg\" data-orig-src=\"https:\/\/rolandsulzer.com\/blog\/wp-content\/uploads\/2019\/08\/Hochzeitsfotos-Schwarz-Weiss-06-1024x683.jpg\" alt=\"\" width=\"1024\" height=\"683\" srcset=\"data:image\/svg+xml,%3Csvg%20xmlns%3D%27http%3A%2F%2Fwww.w3.org%2F2000%2Fsvg%27%20width%3D%271024%27%20height%3D%27683%27%20viewBox%3D%270%200%201024%20683%27%3E%3Crect%20width%3D%271024%27%20height%3D%27683%27%20fill-opacity%3D%220%22%2F%3E%3C%2Fsvg%3E\" data-srcset=\"https:\/\/www.rolandsulzer.com\/blog\/wp-content\/uploads\/2019\/08\/Hochzeitsfotos-Schwarz-Weiss-06-200x133.jpg 200w, https:\/\/www.rolandsulzer.com\/blog\/wp-content\/uploads\/2019\/08\/Hochzeitsfotos-Schwarz-Weiss-06-300x200.jpg 300w, https:\/\/www.rolandsulzer.com\/blog\/wp-content\/uploads\/2019\/08\/Hochzeitsfotos-Schwarz-Weiss-06-400x267.jpg 400w, https:\/\/www.rolandsulzer.com\/blog\/wp-content\/uploads\/2019\/08\/Hochzeitsfotos-Schwarz-Weiss-06-600x400.jpg 600w, https:\/\/www.rolandsulzer.com\/blog\/wp-content\/uploads\/2019\/08\/Hochzeitsfotos-Schwarz-Weiss-06-768x512.jpg 768w, https:\/\/www.rolandsulzer.com\/blog\/wp-content\/uploads\/2019\/08\/Hochzeitsfotos-Schwarz-Weiss-06-800x533.jpg 800w, https:\/\/www.rolandsulzer.com\/blog\/wp-content\/uploads\/2019\/08\/Hochzeitsfotos-Schwarz-Weiss-06-1024x683.jpg 1024w, https:\/\/www.rolandsulzer.com\/blog\/wp-content\/uploads\/2019\/08\/Hochzeitsfotos-Schwarz-Weiss-06.jpg 1200w\" data-sizes=\"auto\" data-orig-sizes=\"(max-width: 1024px) 100vw, 1024px\" \/><\/p>\n<p><img decoding=\"async\" class=\"lazyload aligncenter size-large wp-image-3551\" src=\"https:\/\/rolandsulzer.com\/blog\/wp-content\/uploads\/2019\/08\/Hochzeitsfotos-Schwarz-Weiss-07-1024x683.jpg\" data-orig-src=\"https:\/\/rolandsulzer.com\/blog\/wp-content\/uploads\/2019\/08\/Hochzeitsfotos-Schwarz-Weiss-07-1024x683.jpg\" alt=\"\" width=\"1024\" height=\"683\" srcset=\"data:image\/svg+xml,%3Csvg%20xmlns%3D%27http%3A%2F%2Fwww.w3.org%2F2000%2Fsvg%27%20width%3D%271024%27%20height%3D%27683%27%20viewBox%3D%270%200%201024%20683%27%3E%3Crect%20width%3D%271024%27%20height%3D%27683%27%20fill-opacity%3D%220%22%2F%3E%3C%2Fsvg%3E\" data-srcset=\"https:\/\/www.rolandsulzer.com\/blog\/wp-content\/uploads\/2019\/08\/Hochzeitsfotos-Schwarz-Weiss-07-200x133.jpg 200w, https:\/\/www.rolandsulzer.com\/blog\/wp-content\/uploads\/2019\/08\/Hochzeitsfotos-Schwarz-Weiss-07-300x200.jpg 300w, https:\/\/www.rolandsulzer.com\/blog\/wp-content\/uploads\/2019\/08\/Hochzeitsfotos-Schwarz-Weiss-07-400x267.jpg 400w, https:\/\/www.rolandsulzer.com\/blog\/wp-content\/uploads\/2019\/08\/Hochzeitsfotos-Schwarz-Weiss-07-600x400.jpg 600w, https:\/\/www.rolandsulzer.com\/blog\/wp-content\/uploads\/2019\/08\/Hochzeitsfotos-Schwarz-Weiss-07-768x512.jpg 768w, https:\/\/www.rolandsulzer.com\/blog\/wp-content\/uploads\/2019\/08\/Hochzeitsfotos-Schwarz-Weiss-07-800x533.jpg 800w, https:\/\/www.rolandsulzer.com\/blog\/wp-content\/uploads\/2019\/08\/Hochzeitsfotos-Schwarz-Weiss-07-1024x683.jpg 1024w, https:\/\/www.rolandsulzer.com\/blog\/wp-content\/uploads\/2019\/08\/Hochzeitsfotos-Schwarz-Weiss-07.jpg 1200w\" data-sizes=\"auto\" data-orig-sizes=\"(max-width: 1024px) 100vw, 1024px\" \/><\/p>\n<p><img decoding=\"async\" class=\"lazyload aligncenter size-large wp-image-3552\" src=\"https:\/\/rolandsulzer.com\/blog\/wp-content\/uploads\/2019\/08\/Hochzeitsfotos-Schwarz-Weiss-08-1024x683.jpg\" data-orig-src=\"https:\/\/rolandsulzer.com\/blog\/wp-content\/uploads\/2019\/08\/Hochzeitsfotos-Schwarz-Weiss-08-1024x683.jpg\" alt=\"\" width=\"1024\" height=\"683\" srcset=\"data:image\/svg+xml,%3Csvg%20xmlns%3D%27http%3A%2F%2Fwww.w3.org%2F2000%2Fsvg%27%20width%3D%271024%27%20height%3D%27683%27%20viewBox%3D%270%200%201024%20683%27%3E%3Crect%20width%3D%271024%27%20height%3D%27683%27%20fill-opacity%3D%220%22%2F%3E%3C%2Fsvg%3E\" data-srcset=\"https:\/\/www.rolandsulzer.com\/blog\/wp-content\/uploads\/2019\/08\/Hochzeitsfotos-Schwarz-Weiss-08-200x133.jpg 200w, https:\/\/www.rolandsulzer.com\/blog\/wp-content\/uploads\/2019\/08\/Hochzeitsfotos-Schwarz-Weiss-08-300x200.jpg 300w, https:\/\/www.rolandsulzer.com\/blog\/wp-content\/uploads\/2019\/08\/Hochzeitsfotos-Schwarz-Weiss-08-400x267.jpg 400w, https:\/\/www.rolandsulzer.com\/blog\/wp-content\/uploads\/2019\/08\/Hochzeitsfotos-Schwarz-Weiss-08-600x400.jpg 600w, https:\/\/www.rolandsulzer.com\/blog\/wp-content\/uploads\/2019\/08\/Hochzeitsfotos-Schwarz-Weiss-08-768x512.jpg 768w, https:\/\/www.rolandsulzer.com\/blog\/wp-content\/uploads\/2019\/08\/Hochzeitsfotos-Schwarz-Weiss-08-800x533.jpg 800w, https:\/\/www.rolandsulzer.com\/blog\/wp-content\/uploads\/2019\/08\/Hochzeitsfotos-Schwarz-Weiss-08-1024x683.jpg 1024w, https:\/\/www.rolandsulzer.com\/blog\/wp-content\/uploads\/2019\/08\/Hochzeitsfotos-Schwarz-Weiss-08.jpg 1200w\" data-sizes=\"auto\" data-orig-sizes=\"(max-width: 1024px) 100vw, 1024px\" \/><\/p>\n<p><img decoding=\"async\" class=\"lazyload aligncenter size-large wp-image-3553\" src=\"https:\/\/rolandsulzer.com\/blog\/wp-content\/uploads\/2019\/08\/Hochzeitsfotos-Schwarz-Weiss-09-1024x683.jpg\" data-orig-src=\"https:\/\/rolandsulzer.com\/blog\/wp-content\/uploads\/2019\/08\/Hochzeitsfotos-Schwarz-Weiss-09-1024x683.jpg\" alt=\"\" width=\"1024\" height=\"683\" srcset=\"data:image\/svg+xml,%3Csvg%20xmlns%3D%27http%3A%2F%2Fwww.w3.org%2F2000%2Fsvg%27%20width%3D%271024%27%20height%3D%27683%27%20viewBox%3D%270%200%201024%20683%27%3E%3Crect%20width%3D%271024%27%20height%3D%27683%27%20fill-opacity%3D%220%22%2F%3E%3C%2Fsvg%3E\" data-srcset=\"https:\/\/www.rolandsulzer.com\/blog\/wp-content\/uploads\/2019\/08\/Hochzeitsfotos-Schwarz-Weiss-09-200x133.jpg 200w, https:\/\/www.rolandsulzer.com\/blog\/wp-content\/uploads\/2019\/08\/Hochzeitsfotos-Schwarz-Weiss-09-300x200.jpg 300w, https:\/\/www.rolandsulzer.com\/blog\/wp-content\/uploads\/2019\/08\/Hochzeitsfotos-Schwarz-Weiss-09-400x267.jpg 400w, https:\/\/www.rolandsulzer.com\/blog\/wp-content\/uploads\/2019\/08\/Hochzeitsfotos-Schwarz-Weiss-09-600x400.jpg 600w, https:\/\/www.rolandsulzer.com\/blog\/wp-content\/uploads\/2019\/08\/Hochzeitsfotos-Schwarz-Weiss-09-768x512.jpg 768w, https:\/\/www.rolandsulzer.com\/blog\/wp-content\/uploads\/2019\/08\/Hochzeitsfotos-Schwarz-Weiss-09-800x533.jpg 800w, https:\/\/www.rolandsulzer.com\/blog\/wp-content\/uploads\/2019\/08\/Hochzeitsfotos-Schwarz-Weiss-09-1024x683.jpg 1024w, https:\/\/www.rolandsulzer.com\/blog\/wp-content\/uploads\/2019\/08\/Hochzeitsfotos-Schwarz-Weiss-09.jpg 1200w\" data-sizes=\"auto\" data-orig-sizes=\"(max-width: 1024px) 100vw, 1024px\" \/><\/p>\n<p><img decoding=\"async\" class=\"lazyload aligncenter size-large wp-image-3554\" src=\"https:\/\/rolandsulzer.com\/blog\/wp-content\/uploads\/2019\/08\/Hochzeitsfotos-Schwarz-Weiss-10-1024x683.jpg\" data-orig-src=\"https:\/\/rolandsulzer.com\/blog\/wp-content\/uploads\/2019\/08\/Hochzeitsfotos-Schwarz-Weiss-10-1024x683.jpg\" alt=\"\" width=\"1024\" height=\"683\" srcset=\"data:image\/svg+xml,%3Csvg%20xmlns%3D%27http%3A%2F%2Fwww.w3.org%2F2000%2Fsvg%27%20width%3D%271024%27%20height%3D%27683%27%20viewBox%3D%270%200%201024%20683%27%3E%3Crect%20width%3D%271024%27%20height%3D%27683%27%20fill-opacity%3D%220%22%2F%3E%3C%2Fsvg%3E\" data-srcset=\"https:\/\/www.rolandsulzer.com\/blog\/wp-content\/uploads\/2019\/08\/Hochzeitsfotos-Schwarz-Weiss-10-200x133.jpg 200w, https:\/\/www.rolandsulzer.com\/blog\/wp-content\/uploads\/2019\/08\/Hochzeitsfotos-Schwarz-Weiss-10-300x200.jpg 300w, https:\/\/www.rolandsulzer.com\/blog\/wp-content\/uploads\/2019\/08\/Hochzeitsfotos-Schwarz-Weiss-10-400x267.jpg 400w, https:\/\/www.rolandsulzer.com\/blog\/wp-content\/uploads\/2019\/08\/Hochzeitsfotos-Schwarz-Weiss-10-600x400.jpg 600w, https:\/\/www.rolandsulzer.com\/blog\/wp-content\/uploads\/2019\/08\/Hochzeitsfotos-Schwarz-Weiss-10-768x512.jpg 768w, https:\/\/www.rolandsulzer.com\/blog\/wp-content\/uploads\/2019\/08\/Hochzeitsfotos-Schwarz-Weiss-10-800x533.jpg 800w, https:\/\/www.rolandsulzer.com\/blog\/wp-content\/uploads\/2019\/08\/Hochzeitsfotos-Schwarz-Weiss-10-1024x683.jpg 1024w, https:\/\/www.rolandsulzer.com\/blog\/wp-content\/uploads\/2019\/08\/Hochzeitsfotos-Schwarz-Weiss-10.jpg 1200w\" data-sizes=\"auto\" data-orig-sizes=\"(max-width: 1024px) 100vw, 1024px\" \/><\/p>\n<p><img decoding=\"async\" class=\"lazyload aligncenter size-large wp-image-3556\" src=\"https:\/\/rolandsulzer.com\/blog\/wp-content\/uploads\/2019\/08\/Hochzeitsfotos-Schwarz-Weiss-11-1-1024x683.jpg\" data-orig-src=\"https:\/\/rolandsulzer.com\/blog\/wp-content\/uploads\/2019\/08\/Hochzeitsfotos-Schwarz-Weiss-11-1-1024x683.jpg\" alt=\"\" width=\"1024\" height=\"683\" srcset=\"data:image\/svg+xml,%3Csvg%20xmlns%3D%27http%3A%2F%2Fwww.w3.org%2F2000%2Fsvg%27%20width%3D%271024%27%20height%3D%27683%27%20viewBox%3D%270%200%201024%20683%27%3E%3Crect%20width%3D%271024%27%20height%3D%27683%27%20fill-opacity%3D%220%22%2F%3E%3C%2Fsvg%3E\" data-srcset=\"https:\/\/www.rolandsulzer.com\/blog\/wp-content\/uploads\/2019\/08\/Hochzeitsfotos-Schwarz-Weiss-11-1-200x133.jpg 200w, https:\/\/www.rolandsulzer.com\/blog\/wp-content\/uploads\/2019\/08\/Hochzeitsfotos-Schwarz-Weiss-11-1-300x200.jpg 300w, https:\/\/www.rolandsulzer.com\/blog\/wp-content\/uploads\/2019\/08\/Hochzeitsfotos-Schwarz-Weiss-11-1-400x267.jpg 400w, https:\/\/www.rolandsulzer.com\/blog\/wp-content\/uploads\/2019\/08\/Hochzeitsfotos-Schwarz-Weiss-11-1-600x400.jpg 600w, https:\/\/www.rolandsulzer.com\/blog\/wp-content\/uploads\/2019\/08\/Hochzeitsfotos-Schwarz-Weiss-11-1-768x512.jpg 768w, https:\/\/www.rolandsulzer.com\/blog\/wp-content\/uploads\/2019\/08\/Hochzeitsfotos-Schwarz-Weiss-11-1-800x533.jpg 800w, https:\/\/www.rolandsulzer.com\/blog\/wp-content\/uploads\/2019\/08\/Hochzeitsfotos-Schwarz-Weiss-11-1-1024x683.jpg 1024w, https:\/\/www.rolandsulzer.com\/blog\/wp-content\/uploads\/2019\/08\/Hochzeitsfotos-Schwarz-Weiss-11-1.jpg 1200w\" data-sizes=\"auto\" data-orig-sizes=\"(max-width: 1024px) 100vw, 1024px\" \/><\/p>\n<p><img decoding=\"async\" class=\"lazyload aligncenter size-large wp-image-3557\" src=\"https:\/\/rolandsulzer.com\/blog\/wp-content\/uploads\/2019\/08\/Hochzeitsfotos-Schwarz-Weiss-12-1024x683.jpg\" data-orig-src=\"https:\/\/rolandsulzer.com\/blog\/wp-content\/uploads\/2019\/08\/Hochzeitsfotos-Schwarz-Weiss-12-1024x683.jpg\" alt=\"\" width=\"1024\" height=\"683\" srcset=\"data:image\/svg+xml,%3Csvg%20xmlns%3D%27http%3A%2F%2Fwww.w3.org%2F2000%2Fsvg%27%20width%3D%271024%27%20height%3D%27683%27%20viewBox%3D%270%200%201024%20683%27%3E%3Crect%20width%3D%271024%27%20height%3D%27683%27%20fill-opacity%3D%220%22%2F%3E%3C%2Fsvg%3E\" data-srcset=\"https:\/\/www.rolandsulzer.com\/blog\/wp-content\/uploads\/2019\/08\/Hochzeitsfotos-Schwarz-Weiss-12-200x133.jpg 200w, https:\/\/www.rolandsulzer.com\/blog\/wp-content\/uploads\/2019\/08\/Hochzeitsfotos-Schwarz-Weiss-12-300x200.jpg 300w, https:\/\/www.rolandsulzer.com\/blog\/wp-content\/uploads\/2019\/08\/Hochzeitsfotos-Schwarz-Weiss-12-400x267.jpg 400w, https:\/\/www.rolandsulzer.com\/blog\/wp-content\/uploads\/2019\/08\/Hochzeitsfotos-Schwarz-Weiss-12-600x400.jpg 600w, https:\/\/www.rolandsulzer.com\/blog\/wp-content\/uploads\/2019\/08\/Hochzeitsfotos-Schwarz-Weiss-12-768x512.jpg 768w, https:\/\/www.rolandsulzer.com\/blog\/wp-content\/uploads\/2019\/08\/Hochzeitsfotos-Schwarz-Weiss-12-800x533.jpg 800w, https:\/\/www.rolandsulzer.com\/blog\/wp-content\/uploads\/2019\/08\/Hochzeitsfotos-Schwarz-Weiss-12-1024x683.jpg 1024w, https:\/\/www.rolandsulzer.com\/blog\/wp-content\/uploads\/2019\/08\/Hochzeitsfotos-Schwarz-Weiss-12.jpg 1200w\" data-sizes=\"auto\" data-orig-sizes=\"(max-width: 1024px) 100vw, 1024px\" \/><\/p>\n<p><img decoding=\"async\" class=\"lazyload aligncenter size-large wp-image-3558\" src=\"https:\/\/rolandsulzer.com\/blog\/wp-content\/uploads\/2019\/08\/Hochzeitsfotos-Schwarz-Weiss-13-1024x683.jpg\" data-orig-src=\"https:\/\/rolandsulzer.com\/blog\/wp-content\/uploads\/2019\/08\/Hochzeitsfotos-Schwarz-Weiss-13-1024x683.jpg\" alt=\"\" width=\"1024\" height=\"683\" srcset=\"data:image\/svg+xml,%3Csvg%20xmlns%3D%27http%3A%2F%2Fwww.w3.org%2F2000%2Fsvg%27%20width%3D%271024%27%20height%3D%27683%27%20viewBox%3D%270%200%201024%20683%27%3E%3Crect%20width%3D%271024%27%20height%3D%27683%27%20fill-opacity%3D%220%22%2F%3E%3C%2Fsvg%3E\" data-srcset=\"https:\/\/www.rolandsulzer.com\/blog\/wp-content\/uploads\/2019\/08\/Hochzeitsfotos-Schwarz-Weiss-13-200x133.jpg 200w, https:\/\/www.rolandsulzer.com\/blog\/wp-content\/uploads\/2019\/08\/Hochzeitsfotos-Schwarz-Weiss-13-300x200.jpg 300w, https:\/\/www.rolandsulzer.com\/blog\/wp-content\/uploads\/2019\/08\/Hochzeitsfotos-Schwarz-Weiss-13-400x267.jpg 400w, https:\/\/www.rolandsulzer.com\/blog\/wp-content\/uploads\/2019\/08\/Hochzeitsfotos-Schwarz-Weiss-13-600x400.jpg 600w, https:\/\/www.rolandsulzer.com\/blog\/wp-content\/uploads\/2019\/08\/Hochzeitsfotos-Schwarz-Weiss-13-768x512.jpg 768w, https:\/\/www.rolandsulzer.com\/blog\/wp-content\/uploads\/2019\/08\/Hochzeitsfotos-Schwarz-Weiss-13-800x533.jpg 800w, https:\/\/www.rolandsulzer.com\/blog\/wp-content\/uploads\/2019\/08\/Hochzeitsfotos-Schwarz-Weiss-13-1024x683.jpg 1024w, https:\/\/www.rolandsulzer.com\/blog\/wp-content\/uploads\/2019\/08\/Hochzeitsfotos-Schwarz-Weiss-13.jpg 1200w\" data-sizes=\"auto\" data-orig-sizes=\"(max-width: 1024px) 100vw, 1024px\" \/><\/p>\n<p><img decoding=\"async\" class=\"lazyload aligncenter size-large wp-image-3559\" src=\"https:\/\/rolandsulzer.com\/blog\/wp-content\/uploads\/2019\/08\/Hochzeitsfotos-Schwarz-Weiss-14-1024x683.jpg\" data-orig-src=\"https:\/\/rolandsulzer.com\/blog\/wp-content\/uploads\/2019\/08\/Hochzeitsfotos-Schwarz-Weiss-14-1024x683.jpg\" alt=\"\" width=\"1024\" height=\"683\" srcset=\"data:image\/svg+xml,%3Csvg%20xmlns%3D%27http%3A%2F%2Fwww.w3.org%2F2000%2Fsvg%27%20width%3D%271024%27%20height%3D%27683%27%20viewBox%3D%270%200%201024%20683%27%3E%3Crect%20width%3D%271024%27%20height%3D%27683%27%20fill-opacity%3D%220%22%2F%3E%3C%2Fsvg%3E\" data-srcset=\"https:\/\/www.rolandsulzer.com\/blog\/wp-content\/uploads\/2019\/08\/Hochzeitsfotos-Schwarz-Weiss-14-200x133.jpg 200w, https:\/\/www.rolandsulzer.com\/blog\/wp-content\/uploads\/2019\/08\/Hochzeitsfotos-Schwarz-Weiss-14-300x200.jpg 300w, https:\/\/www.rolandsulzer.com\/blog\/wp-content\/uploads\/2019\/08\/Hochzeitsfotos-Schwarz-Weiss-14-400x267.jpg 400w, https:\/\/www.rolandsulzer.com\/blog\/wp-content\/uploads\/2019\/08\/Hochzeitsfotos-Schwarz-Weiss-14-600x400.jpg 600w, https:\/\/www.rolandsulzer.com\/blog\/wp-content\/uploads\/2019\/08\/Hochzeitsfotos-Schwarz-Weiss-14-768x512.jpg 768w, https:\/\/www.rolandsulzer.com\/blog\/wp-content\/uploads\/2019\/08\/Hochzeitsfotos-Schwarz-Weiss-14-800x533.jpg 800w, https:\/\/www.rolandsulzer.com\/blog\/wp-content\/uploads\/2019\/08\/Hochzeitsfotos-Schwarz-Weiss-14-1024x683.jpg 1024w, https:\/\/www.rolandsulzer.com\/blog\/wp-content\/uploads\/2019\/08\/Hochzeitsfotos-Schwarz-Weiss-14.jpg 1200w\" data-sizes=\"auto\" data-orig-sizes=\"(max-width: 1024px) 100vw, 1024px\" \/><\/p>\n<p><img decoding=\"async\" class=\"lazyload aligncenter size-large wp-image-3560\" src=\"https:\/\/rolandsulzer.com\/blog\/wp-content\/uploads\/2019\/08\/Hochzeitsfotos-Schwarz-Weiss-15-1024x683.jpg\" data-orig-src=\"https:\/\/rolandsulzer.com\/blog\/wp-content\/uploads\/2019\/08\/Hochzeitsfotos-Schwarz-Weiss-15-1024x683.jpg\" alt=\"\" width=\"1024\" height=\"683\" srcset=\"data:image\/svg+xml,%3Csvg%20xmlns%3D%27http%3A%2F%2Fwww.w3.org%2F2000%2Fsvg%27%20width%3D%271024%27%20height%3D%27683%27%20viewBox%3D%270%200%201024%20683%27%3E%3Crect%20width%3D%271024%27%20height%3D%27683%27%20fill-opacity%3D%220%22%2F%3E%3C%2Fsvg%3E\" data-srcset=\"https:\/\/www.rolandsulzer.com\/blog\/wp-content\/uploads\/2019\/08\/Hochzeitsfotos-Schwarz-Weiss-15-200x133.jpg 200w, https:\/\/www.rolandsulzer.com\/blog\/wp-content\/uploads\/2019\/08\/Hochzeitsfotos-Schwarz-Weiss-15-300x200.jpg 300w, https:\/\/www.rolandsulzer.com\/blog\/wp-content\/uploads\/2019\/08\/Hochzeitsfotos-Schwarz-Weiss-15-400x267.jpg 400w, https:\/\/www.rolandsulzer.com\/blog\/wp-content\/uploads\/2019\/08\/Hochzeitsfotos-Schwarz-Weiss-15-600x400.jpg 600w, https:\/\/www.rolandsulzer.com\/blog\/wp-content\/uploads\/2019\/08\/Hochzeitsfotos-Schwarz-Weiss-15-768x512.jpg 768w, https:\/\/www.rolandsulzer.com\/blog\/wp-content\/uploads\/2019\/08\/Hochzeitsfotos-Schwarz-Weiss-15-800x533.jpg 800w, https:\/\/www.rolandsulzer.com\/blog\/wp-content\/uploads\/2019\/08\/Hochzeitsfotos-Schwarz-Weiss-15-1024x683.jpg 1024w, https:\/\/www.rolandsulzer.com\/blog\/wp-content\/uploads\/2019\/08\/Hochzeitsfotos-Schwarz-Weiss-15.jpg 1200w\" data-sizes=\"auto\" data-orig-sizes=\"(max-width: 1024px) 100vw, 1024px\" \/><\/p>\n<p><img decoding=\"async\" class=\"lazyload aligncenter size-large wp-image-3561\" src=\"https:\/\/rolandsulzer.com\/blog\/wp-content\/uploads\/2019\/08\/Hochzeitsfotos-Schwarz-Weiss-16-1024x683.jpg\" data-orig-src=\"https:\/\/rolandsulzer.com\/blog\/wp-content\/uploads\/2019\/08\/Hochzeitsfotos-Schwarz-Weiss-16-1024x683.jpg\" alt=\"\" width=\"1024\" height=\"683\" srcset=\"data:image\/svg+xml,%3Csvg%20xmlns%3D%27http%3A%2F%2Fwww.w3.org%2F2000%2Fsvg%27%20width%3D%271024%27%20height%3D%27683%27%20viewBox%3D%270%200%201024%20683%27%3E%3Crect%20width%3D%271024%27%20height%3D%27683%27%20fill-opacity%3D%220%22%2F%3E%3C%2Fsvg%3E\" data-srcset=\"https:\/\/www.rolandsulzer.com\/blog\/wp-content\/uploads\/2019\/08\/Hochzeitsfotos-Schwarz-Weiss-16-200x133.jpg 200w, https:\/\/www.rolandsulzer.com\/blog\/wp-content\/uploads\/2019\/08\/Hochzeitsfotos-Schwarz-Weiss-16-300x200.jpg 300w, https:\/\/www.rolandsulzer.com\/blog\/wp-content\/uploads\/2019\/08\/Hochzeitsfotos-Schwarz-Weiss-16-400x267.jpg 400w, https:\/\/www.rolandsulzer.com\/blog\/wp-content\/uploads\/2019\/08\/Hochzeitsfotos-Schwarz-Weiss-16-600x400.jpg 600w, https:\/\/www.rolandsulzer.com\/blog\/wp-content\/uploads\/2019\/08\/Hochzeitsfotos-Schwarz-Weiss-16-768x512.jpg 768w, https:\/\/www.rolandsulzer.com\/blog\/wp-content\/uploads\/2019\/08\/Hochzeitsfotos-Schwarz-Weiss-16-800x533.jpg 800w, https:\/\/www.rolandsulzer.com\/blog\/wp-content\/uploads\/2019\/08\/Hochzeitsfotos-Schwarz-Weiss-16-1024x683.jpg 1024w, https:\/\/www.rolandsulzer.com\/blog\/wp-content\/uploads\/2019\/08\/Hochzeitsfotos-Schwarz-Weiss-16.jpg 1200w\" data-sizes=\"auto\" data-orig-sizes=\"(max-width: 1024px) 100vw, 1024px\" \/><\/p>\n<p><img decoding=\"async\" class=\"lazyload aligncenter size-large wp-image-3562\" src=\"https:\/\/rolandsulzer.com\/blog\/wp-content\/uploads\/2019\/08\/Hochzeitsfotos-Schwarz-Weiss-17-1024x683.jpg\" data-orig-src=\"https:\/\/rolandsulzer.com\/blog\/wp-content\/uploads\/2019\/08\/Hochzeitsfotos-Schwarz-Weiss-17-1024x683.jpg\" alt=\"\" width=\"1024\" height=\"683\" srcset=\"data:image\/svg+xml,%3Csvg%20xmlns%3D%27http%3A%2F%2Fwww.w3.org%2F2000%2Fsvg%27%20width%3D%271024%27%20height%3D%27683%27%20viewBox%3D%270%200%201024%20683%27%3E%3Crect%20width%3D%271024%27%20height%3D%27683%27%20fill-opacity%3D%220%22%2F%3E%3C%2Fsvg%3E\" data-srcset=\"https:\/\/www.rolandsulzer.com\/blog\/wp-content\/uploads\/2019\/08\/Hochzeitsfotos-Schwarz-Weiss-17-200x133.jpg 200w, https:\/\/www.rolandsulzer.com\/blog\/wp-content\/uploads\/2019\/08\/Hochzeitsfotos-Schwarz-Weiss-17-300x200.jpg 300w, https:\/\/www.rolandsulzer.com\/blog\/wp-content\/uploads\/2019\/08\/Hochzeitsfotos-Schwarz-Weiss-17-400x267.jpg 400w, https:\/\/www.rolandsulzer.com\/blog\/wp-content\/uploads\/2019\/08\/Hochzeitsfotos-Schwarz-Weiss-17-600x400.jpg 600w, https:\/\/www.rolandsulzer.com\/blog\/wp-content\/uploads\/2019\/08\/Hochzeitsfotos-Schwarz-Weiss-17-768x512.jpg 768w, https:\/\/www.rolandsulzer.com\/blog\/wp-content\/uploads\/2019\/08\/Hochzeitsfotos-Schwarz-Weiss-17-800x533.jpg 800w, https:\/\/www.rolandsulzer.com\/blog\/wp-content\/uploads\/2019\/08\/Hochzeitsfotos-Schwarz-Weiss-17-1024x683.jpg 1024w, https:\/\/www.rolandsulzer.com\/blog\/wp-content\/uploads\/2019\/08\/Hochzeitsfotos-Schwarz-Weiss-17.jpg 1200w\" data-sizes=\"auto\" data-orig-sizes=\"(max-width: 1024px) 100vw, 1024px\" \/><\/p>\n<p><img decoding=\"async\" class=\"lazyload aligncenter size-large wp-image-3563\" src=\"https:\/\/rolandsulzer.com\/blog\/wp-content\/uploads\/2019\/08\/Hochzeitsfotos-Schwarz-Weiss-18-1024x683.jpg\" data-orig-src=\"https:\/\/rolandsulzer.com\/blog\/wp-content\/uploads\/2019\/08\/Hochzeitsfotos-Schwarz-Weiss-18-1024x683.jpg\" alt=\"\" width=\"1024\" height=\"683\" srcset=\"data:image\/svg+xml,%3Csvg%20xmlns%3D%27http%3A%2F%2Fwww.w3.org%2F2000%2Fsvg%27%20width%3D%271024%27%20height%3D%27683%27%20viewBox%3D%270%200%201024%20683%27%3E%3Crect%20width%3D%271024%27%20height%3D%27683%27%20fill-opacity%3D%220%22%2F%3E%3C%2Fsvg%3E\" data-srcset=\"https:\/\/www.rolandsulzer.com\/blog\/wp-content\/uploads\/2019\/08\/Hochzeitsfotos-Schwarz-Weiss-18-200x133.jpg 200w, https:\/\/www.rolandsulzer.com\/blog\/wp-content\/uploads\/2019\/08\/Hochzeitsfotos-Schwarz-Weiss-18-300x200.jpg 300w, https:\/\/www.rolandsulzer.com\/blog\/wp-content\/uploads\/2019\/08\/Hochzeitsfotos-Schwarz-Weiss-18-400x267.jpg 400w, https:\/\/www.rolandsulzer.com\/blog\/wp-content\/uploads\/2019\/08\/Hochzeitsfotos-Schwarz-Weiss-18-600x400.jpg 600w, https:\/\/www.rolandsulzer.com\/blog\/wp-content\/uploads\/2019\/08\/Hochzeitsfotos-Schwarz-Weiss-18-768x512.jpg 768w, https:\/\/www.rolandsulzer.com\/blog\/wp-content\/uploads\/2019\/08\/Hochzeitsfotos-Schwarz-Weiss-18-800x533.jpg 800w, https:\/\/www.rolandsulzer.com\/blog\/wp-content\/uploads\/2019\/08\/Hochzeitsfotos-Schwarz-Weiss-18-1024x683.jpg 1024w, https:\/\/www.rolandsulzer.com\/blog\/wp-content\/uploads\/2019\/08\/Hochzeitsfotos-Schwarz-Weiss-18.jpg 1200w\" data-sizes=\"auto\" data-orig-sizes=\"(max-width: 1024px) 100vw, 1024px\" \/><\/p>\n<p><img decoding=\"async\" class=\"lazyload aligncenter size-large wp-image-3564\" src=\"https:\/\/rolandsulzer.com\/blog\/wp-content\/uploads\/2019\/08\/Hochzeitsfotos-Schwarz-Weiss-19-1024x683.jpg\" data-orig-src=\"https:\/\/rolandsulzer.com\/blog\/wp-content\/uploads\/2019\/08\/Hochzeitsfotos-Schwarz-Weiss-19-1024x683.jpg\" alt=\"\" width=\"1024\" height=\"683\" srcset=\"data:image\/svg+xml,%3Csvg%20xmlns%3D%27http%3A%2F%2Fwww.w3.org%2F2000%2Fsvg%27%20width%3D%271024%27%20height%3D%27683%27%20viewBox%3D%270%200%201024%20683%27%3E%3Crect%20width%3D%271024%27%20height%3D%27683%27%20fill-opacity%3D%220%22%2F%3E%3C%2Fsvg%3E\" data-srcset=\"https:\/\/www.rolandsulzer.com\/blog\/wp-content\/uploads\/2019\/08\/Hochzeitsfotos-Schwarz-Weiss-19-200x133.jpg 200w, https:\/\/www.rolandsulzer.com\/blog\/wp-content\/uploads\/2019\/08\/Hochzeitsfotos-Schwarz-Weiss-19-300x200.jpg 300w, https:\/\/www.rolandsulzer.com\/blog\/wp-content\/uploads\/2019\/08\/Hochzeitsfotos-Schwarz-Weiss-19-400x267.jpg 400w, https:\/\/www.rolandsulzer.com\/blog\/wp-content\/uploads\/2019\/08\/Hochzeitsfotos-Schwarz-Weiss-19-600x400.jpg 600w, https:\/\/www.rolandsulzer.com\/blog\/wp-content\/uploads\/2019\/08\/Hochzeitsfotos-Schwarz-Weiss-19-768x512.jpg 768w, https:\/\/www.rolandsulzer.com\/blog\/wp-content\/uploads\/2019\/08\/Hochzeitsfotos-Schwarz-Weiss-19-800x533.jpg 800w, https:\/\/www.rolandsulzer.com\/blog\/wp-content\/uploads\/2019\/08\/Hochzeitsfotos-Schwarz-Weiss-19-1024x683.jpg 1024w, https:\/\/www.rolandsulzer.com\/blog\/wp-content\/uploads\/2019\/08\/Hochzeitsfotos-Schwarz-Weiss-19.jpg 1200w\" data-sizes=\"auto\" data-orig-sizes=\"(max-width: 1024px) 100vw, 1024px\" \/><\/p>\n<p><img decoding=\"async\" class=\"lazyload aligncenter size-large wp-image-3565\" src=\"https:\/\/rolandsulzer.com\/blog\/wp-content\/uploads\/2019\/08\/Hochzeitsfotos-Schwarz-Weiss-20-1024x683.jpg\" data-orig-src=\"https:\/\/rolandsulzer.com\/blog\/wp-content\/uploads\/2019\/08\/Hochzeitsfotos-Schwarz-Weiss-20-1024x683.jpg\" alt=\"\" width=\"1024\" height=\"683\" srcset=\"data:image\/svg+xml,%3Csvg%20xmlns%3D%27http%3A%2F%2Fwww.w3.org%2F2000%2Fsvg%27%20width%3D%271024%27%20height%3D%27683%27%20viewBox%3D%270%200%201024%20683%27%3E%3Crect%20width%3D%271024%27%20height%3D%27683%27%20fill-opacity%3D%220%22%2F%3E%3C%2Fsvg%3E\" data-srcset=\"https:\/\/www.rolandsulzer.com\/blog\/wp-content\/uploads\/2019\/08\/Hochzeitsfotos-Schwarz-Weiss-20-200x133.jpg 200w, https:\/\/www.rolandsulzer.com\/blog\/wp-content\/uploads\/2019\/08\/Hochzeitsfotos-Schwarz-Weiss-20-300x200.jpg 300w, https:\/\/www.rolandsulzer.com\/blog\/wp-content\/uploads\/2019\/08\/Hochzeitsfotos-Schwarz-Weiss-20-400x267.jpg 400w, https:\/\/www.rolandsulzer.com\/blog\/wp-content\/uploads\/2019\/08\/Hochzeitsfotos-Schwarz-Weiss-20-600x400.jpg 600w, https:\/\/www.rolandsulzer.com\/blog\/wp-content\/uploads\/2019\/08\/Hochzeitsfotos-Schwarz-Weiss-20-768x512.jpg 768w, https:\/\/www.rolandsulzer.com\/blog\/wp-content\/uploads\/2019\/08\/Hochzeitsfotos-Schwarz-Weiss-20-800x533.jpg 800w, https:\/\/www.rolandsulzer.com\/blog\/wp-content\/uploads\/2019\/08\/Hochzeitsfotos-Schwarz-Weiss-20-1024x683.jpg 1024w, https:\/\/www.rolandsulzer.com\/blog\/wp-content\/uploads\/2019\/08\/Hochzeitsfotos-Schwarz-Weiss-20.jpg 1200w\" data-sizes=\"auto\" data-orig-sizes=\"(max-width: 1024px) 100vw, 1024px\" \/><\/p>\n<p><img decoding=\"async\" class=\"lazyload aligncenter size-large wp-image-3566\" src=\"https:\/\/rolandsulzer.com\/blog\/wp-content\/uploads\/2019\/08\/Hochzeitsfotos-Schwarz-Weiss-21-1024x683.jpg\" data-orig-src=\"https:\/\/rolandsulzer.com\/blog\/wp-content\/uploads\/2019\/08\/Hochzeitsfotos-Schwarz-Weiss-21-1024x683.jpg\" alt=\"\" width=\"1024\" height=\"683\" srcset=\"data:image\/svg+xml,%3Csvg%20xmlns%3D%27http%3A%2F%2Fwww.w3.org%2F2000%2Fsvg%27%20width%3D%271024%27%20height%3D%27683%27%20viewBox%3D%270%200%201024%20683%27%3E%3Crect%20width%3D%271024%27%20height%3D%27683%27%20fill-opacity%3D%220%22%2F%3E%3C%2Fsvg%3E\" data-srcset=\"https:\/\/www.rolandsulzer.com\/blog\/wp-content\/uploads\/2019\/08\/Hochzeitsfotos-Schwarz-Weiss-21-200x133.jpg 200w, https:\/\/www.rolandsulzer.com\/blog\/wp-content\/uploads\/2019\/08\/Hochzeitsfotos-Schwarz-Weiss-21-300x200.jpg 300w, https:\/\/www.rolandsulzer.com\/blog\/wp-content\/uploads\/2019\/08\/Hochzeitsfotos-Schwarz-Weiss-21-400x267.jpg 400w, https:\/\/www.rolandsulzer.com\/blog\/wp-content\/uploads\/2019\/08\/Hochzeitsfotos-Schwarz-Weiss-21-600x400.jpg 600w, https:\/\/www.rolandsulzer.com\/blog\/wp-content\/uploads\/2019\/08\/Hochzeitsfotos-Schwarz-Weiss-21-768x512.jpg 768w, https:\/\/www.rolandsulzer.com\/blog\/wp-content\/uploads\/2019\/08\/Hochzeitsfotos-Schwarz-Weiss-21-800x533.jpg 800w, https:\/\/www.rolandsulzer.com\/blog\/wp-content\/uploads\/2019\/08\/Hochzeitsfotos-Schwarz-Weiss-21-1024x683.jpg 1024w, https:\/\/www.rolandsulzer.com\/blog\/wp-content\/uploads\/2019\/08\/Hochzeitsfotos-Schwarz-Weiss-21.jpg 1200w\" data-sizes=\"auto\" data-orig-sizes=\"(max-width: 1024px) 100vw, 1024px\" \/><\/p>\n<p><img decoding=\"async\" class=\"lazyload aligncenter size-large wp-image-3567\" src=\"https:\/\/rolandsulzer.com\/blog\/wp-content\/uploads\/2019\/08\/Hochzeitsfotos-Schwarz-Weiss-22-1024x683.jpg\" data-orig-src=\"https:\/\/rolandsulzer.com\/blog\/wp-content\/uploads\/2019\/08\/Hochzeitsfotos-Schwarz-Weiss-22-1024x683.jpg\" alt=\"\" width=\"1024\" height=\"683\" srcset=\"data:image\/svg+xml,%3Csvg%20xmlns%3D%27http%3A%2F%2Fwww.w3.org%2F2000%2Fsvg%27%20width%3D%271024%27%20height%3D%27683%27%20viewBox%3D%270%200%201024%20683%27%3E%3Crect%20width%3D%271024%27%20height%3D%27683%27%20fill-opacity%3D%220%22%2F%3E%3C%2Fsvg%3E\" data-srcset=\"https:\/\/www.rolandsulzer.com\/blog\/wp-content\/uploads\/2019\/08\/Hochzeitsfotos-Schwarz-Weiss-22-200x133.jpg 200w, https:\/\/www.rolandsulzer.com\/blog\/wp-content\/uploads\/2019\/08\/Hochzeitsfotos-Schwarz-Weiss-22-300x200.jpg 300w, https:\/\/www.rolandsulzer.com\/blog\/wp-content\/uploads\/2019\/08\/Hochzeitsfotos-Schwarz-Weiss-22-400x267.jpg 400w, https:\/\/www.rolandsulzer.com\/blog\/wp-content\/uploads\/2019\/08\/Hochzeitsfotos-Schwarz-Weiss-22-600x400.jpg 600w, https:\/\/www.rolandsulzer.com\/blog\/wp-content\/uploads\/2019\/08\/Hochzeitsfotos-Schwarz-Weiss-22-768x512.jpg 768w, https:\/\/www.rolandsulzer.com\/blog\/wp-content\/uploads\/2019\/08\/Hochzeitsfotos-Schwarz-Weiss-22-800x533.jpg 800w, https:\/\/www.rolandsulzer.com\/blog\/wp-content\/uploads\/2019\/08\/Hochzeitsfotos-Schwarz-Weiss-22-1024x683.jpg 1024w, https:\/\/www.rolandsulzer.com\/blog\/wp-content\/uploads\/2019\/08\/Hochzeitsfotos-Schwarz-Weiss-22.jpg 1200w\" data-sizes=\"auto\" data-orig-sizes=\"(max-width: 1024px) 100vw, 1024px\" \/><\/p>\n<p><img decoding=\"async\" class=\"lazyload aligncenter size-large wp-image-3568\" src=\"https:\/\/rolandsulzer.com\/blog\/wp-content\/uploads\/2019\/08\/Hochzeitsfotos-Schwarz-Weiss-23-1024x683.jpg\" data-orig-src=\"https:\/\/rolandsulzer.com\/blog\/wp-content\/uploads\/2019\/08\/Hochzeitsfotos-Schwarz-Weiss-23-1024x683.jpg\" alt=\"\" width=\"1024\" height=\"683\" srcset=\"data:image\/svg+xml,%3Csvg%20xmlns%3D%27http%3A%2F%2Fwww.w3.org%2F2000%2Fsvg%27%20width%3D%271024%27%20height%3D%27683%27%20viewBox%3D%270%200%201024%20683%27%3E%3Crect%20width%3D%271024%27%20height%3D%27683%27%20fill-opacity%3D%220%22%2F%3E%3C%2Fsvg%3E\" data-srcset=\"https:\/\/www.rolandsulzer.com\/blog\/wp-content\/uploads\/2019\/08\/Hochzeitsfotos-Schwarz-Weiss-23-200x133.jpg 200w, https:\/\/www.rolandsulzer.com\/blog\/wp-content\/uploads\/2019\/08\/Hochzeitsfotos-Schwarz-Weiss-23-300x200.jpg 300w, https:\/\/www.rolandsulzer.com\/blog\/wp-content\/uploads\/2019\/08\/Hochzeitsfotos-Schwarz-Weiss-23-400x267.jpg 400w, https:\/\/www.rolandsulzer.com\/blog\/wp-content\/uploads\/2019\/08\/Hochzeitsfotos-Schwarz-Weiss-23-600x400.jpg 600w, https:\/\/www.rolandsulzer.com\/blog\/wp-content\/uploads\/2019\/08\/Hochzeitsfotos-Schwarz-Weiss-23-768x512.jpg 768w, https:\/\/www.rolandsulzer.com\/blog\/wp-content\/uploads\/2019\/08\/Hochzeitsfotos-Schwarz-Weiss-23-800x533.jpg 800w, https:\/\/www.rolandsulzer.com\/blog\/wp-content\/uploads\/2019\/08\/Hochzeitsfotos-Schwarz-Weiss-23-1024x683.jpg 1024w, https:\/\/www.rolandsulzer.com\/blog\/wp-content\/uploads\/2019\/08\/Hochzeitsfotos-Schwarz-Weiss-23.jpg 1200w\" data-sizes=\"auto\" data-orig-sizes=\"(max-width: 1024px) 100vw, 1024px\" \/><\/p>\n<p><img decoding=\"async\" class=\"lazyload aligncenter size-large wp-image-3569\" src=\"https:\/\/rolandsulzer.com\/blog\/wp-content\/uploads\/2019\/08\/Hochzeitsfotos-Schwarz-Weiss-24-1024x683.jpg\" data-orig-src=\"https:\/\/rolandsulzer.com\/blog\/wp-content\/uploads\/2019\/08\/Hochzeitsfotos-Schwarz-Weiss-24-1024x683.jpg\" alt=\"\" width=\"1024\" height=\"683\" srcset=\"data:image\/svg+xml,%3Csvg%20xmlns%3D%27http%3A%2F%2Fwww.w3.org%2F2000%2Fsvg%27%20width%3D%271024%27%20height%3D%27683%27%20viewBox%3D%270%200%201024%20683%27%3E%3Crect%20width%3D%271024%27%20height%3D%27683%27%20fill-opacity%3D%220%22%2F%3E%3C%2Fsvg%3E\" data-srcset=\"https:\/\/www.rolandsulzer.com\/blog\/wp-content\/uploads\/2019\/08\/Hochzeitsfotos-Schwarz-Weiss-24-200x133.jpg 200w, https:\/\/www.rolandsulzer.com\/blog\/wp-content\/uploads\/2019\/08\/Hochzeitsfotos-Schwarz-Weiss-24-300x200.jpg 300w, https:\/\/www.rolandsulzer.com\/blog\/wp-content\/uploads\/2019\/08\/Hochzeitsfotos-Schwarz-Weiss-24-400x267.jpg 400w, https:\/\/www.rolandsulzer.com\/blog\/wp-content\/uploads\/2019\/08\/Hochzeitsfotos-Schwarz-Weiss-24-600x400.jpg 600w, https:\/\/www.rolandsulzer.com\/blog\/wp-content\/uploads\/2019\/08\/Hochzeitsfotos-Schwarz-Weiss-24-768x512.jpg 768w, https:\/\/www.rolandsulzer.com\/blog\/wp-content\/uploads\/2019\/08\/Hochzeitsfotos-Schwarz-Weiss-24-800x533.jpg 800w, https:\/\/www.rolandsulzer.com\/blog\/wp-content\/uploads\/2019\/08\/Hochzeitsfotos-Schwarz-Weiss-24-1024x683.jpg 1024w, https:\/\/www.rolandsulzer.com\/blog\/wp-content\/uploads\/2019\/08\/Hochzeitsfotos-Schwarz-Weiss-24.jpg 1200w\" data-sizes=\"auto\" data-orig-sizes=\"(max-width: 1024px) 100vw, 1024px\" \/><\/p>\n<p><img decoding=\"async\" class=\"lazyload aligncenter size-large wp-image-3570\" src=\"https:\/\/rolandsulzer.com\/blog\/wp-content\/uploads\/2019\/08\/Hochzeitsfotos-Schwarz-Weiss-25-1024x683.jpg\" data-orig-src=\"https:\/\/rolandsulzer.com\/blog\/wp-content\/uploads\/2019\/08\/Hochzeitsfotos-Schwarz-Weiss-25-1024x683.jpg\" alt=\"\" width=\"1024\" height=\"683\" srcset=\"data:image\/svg+xml,%3Csvg%20xmlns%3D%27http%3A%2F%2Fwww.w3.org%2F2000%2Fsvg%27%20width%3D%271024%27%20height%3D%27683%27%20viewBox%3D%270%200%201024%20683%27%3E%3Crect%20width%3D%271024%27%20height%3D%27683%27%20fill-opacity%3D%220%22%2F%3E%3C%2Fsvg%3E\" data-srcset=\"https:\/\/www.rolandsulzer.com\/blog\/wp-content\/uploads\/2019\/08\/Hochzeitsfotos-Schwarz-Weiss-25-200x133.jpg 200w, https:\/\/www.rolandsulzer.com\/blog\/wp-content\/uploads\/2019\/08\/Hochzeitsfotos-Schwarz-Weiss-25-300x200.jpg 300w, https:\/\/www.rolandsulzer.com\/blog\/wp-content\/uploads\/2019\/08\/Hochzeitsfotos-Schwarz-Weiss-25-400x267.jpg 400w, https:\/\/www.rolandsulzer.com\/blog\/wp-content\/uploads\/2019\/08\/Hochzeitsfotos-Schwarz-Weiss-25-600x400.jpg 600w, https:\/\/www.rolandsulzer.com\/blog\/wp-content\/uploads\/2019\/08\/Hochzeitsfotos-Schwarz-Weiss-25-768x512.jpg 768w, https:\/\/www.rolandsulzer.com\/blog\/wp-content\/uploads\/2019\/08\/Hochzeitsfotos-Schwarz-Weiss-25-800x533.jpg 800w, https:\/\/www.rolandsulzer.com\/blog\/wp-content\/uploads\/2019\/08\/Hochzeitsfotos-Schwarz-Weiss-25-1024x683.jpg 1024w, https:\/\/www.rolandsulzer.com\/blog\/wp-content\/uploads\/2019\/08\/Hochzeitsfotos-Schwarz-Weiss-25.jpg 1200w\" data-sizes=\"auto\" data-orig-sizes=\"(max-width: 1024px) 100vw, 1024px\" \/><\/p>\n<p><img decoding=\"async\" class=\"lazyload aligncenter size-large wp-image-3571\" src=\"https:\/\/rolandsulzer.com\/blog\/wp-content\/uploads\/2019\/08\/Hochzeitsfotos-Schwarz-Weiss-26-1024x683.jpg\" data-orig-src=\"https:\/\/rolandsulzer.com\/blog\/wp-content\/uploads\/2019\/08\/Hochzeitsfotos-Schwarz-Weiss-26-1024x683.jpg\" alt=\"\" width=\"1024\" height=\"683\" srcset=\"data:image\/svg+xml,%3Csvg%20xmlns%3D%27http%3A%2F%2Fwww.w3.org%2F2000%2Fsvg%27%20width%3D%271024%27%20height%3D%27683%27%20viewBox%3D%270%200%201024%20683%27%3E%3Crect%20width%3D%271024%27%20height%3D%27683%27%20fill-opacity%3D%220%22%2F%3E%3C%2Fsvg%3E\" data-srcset=\"https:\/\/www.rolandsulzer.com\/blog\/wp-content\/uploads\/2019\/08\/Hochzeitsfotos-Schwarz-Weiss-26-200x133.jpg 200w, https:\/\/www.rolandsulzer.com\/blog\/wp-content\/uploads\/2019\/08\/Hochzeitsfotos-Schwarz-Weiss-26-300x200.jpg 300w, https:\/\/www.rolandsulzer.com\/blog\/wp-content\/uploads\/2019\/08\/Hochzeitsfotos-Schwarz-Weiss-26-400x267.jpg 400w, https:\/\/www.rolandsulzer.com\/blog\/wp-content\/uploads\/2019\/08\/Hochzeitsfotos-Schwarz-Weiss-26-600x400.jpg 600w, https:\/\/www.rolandsulzer.com\/blog\/wp-content\/uploads\/2019\/08\/Hochzeitsfotos-Schwarz-Weiss-26-768x512.jpg 768w, https:\/\/www.rolandsulzer.com\/blog\/wp-content\/uploads\/2019\/08\/Hochzeitsfotos-Schwarz-Weiss-26-800x533.jpg 800w, https:\/\/www.rolandsulzer.com\/blog\/wp-content\/uploads\/2019\/08\/Hochzeitsfotos-Schwarz-Weiss-26-1024x683.jpg 1024w, https:\/\/www.rolandsulzer.com\/blog\/wp-content\/uploads\/2019\/08\/Hochzeitsfotos-Schwarz-Weiss-26.jpg 1200w\" data-sizes=\"auto\" data-orig-sizes=\"(max-width: 1024px) 100vw, 1024px\" \/><\/p>\n<p><img decoding=\"async\" class=\"lazyload aligncenter size-large wp-image-3572\" src=\"https:\/\/rolandsulzer.com\/blog\/wp-content\/uploads\/2019\/08\/Hochzeitsfotos-Schwarz-Weiss-27-1024x683.jpg\" data-orig-src=\"https:\/\/rolandsulzer.com\/blog\/wp-content\/uploads\/2019\/08\/Hochzeitsfotos-Schwarz-Weiss-27-1024x683.jpg\" alt=\"\" width=\"1024\" height=\"683\" srcset=\"data:image\/svg+xml,%3Csvg%20xmlns%3D%27http%3A%2F%2Fwww.w3.org%2F2000%2Fsvg%27%20width%3D%271024%27%20height%3D%27683%27%20viewBox%3D%270%200%201024%20683%27%3E%3Crect%20width%3D%271024%27%20height%3D%27683%27%20fill-opacity%3D%220%22%2F%3E%3C%2Fsvg%3E\" data-srcset=\"https:\/\/www.rolandsulzer.com\/blog\/wp-content\/uploads\/2019\/08\/Hochzeitsfotos-Schwarz-Weiss-27-200x133.jpg 200w, https:\/\/www.rolandsulzer.com\/blog\/wp-content\/uploads\/2019\/08\/Hochzeitsfotos-Schwarz-Weiss-27-300x200.jpg 300w, https:\/\/www.rolandsulzer.com\/blog\/wp-content\/uploads\/2019\/08\/Hochzeitsfotos-Schwarz-Weiss-27-400x267.jpg 400w, https:\/\/www.rolandsulzer.com\/blog\/wp-content\/uploads\/2019\/08\/Hochzeitsfotos-Schwarz-Weiss-27-600x400.jpg 600w, https:\/\/www.rolandsulzer.com\/blog\/wp-content\/uploads\/2019\/08\/Hochzeitsfotos-Schwarz-Weiss-27-768x512.jpg 768w, https:\/\/www.rolandsulzer.com\/blog\/wp-content\/uploads\/2019\/08\/Hochzeitsfotos-Schwarz-Weiss-27-800x533.jpg 800w, https:\/\/www.rolandsulzer.com\/blog\/wp-content\/uploads\/2019\/08\/Hochzeitsfotos-Schwarz-Weiss-27-1024x683.jpg 1024w, https:\/\/www.rolandsulzer.com\/blog\/wp-content\/uploads\/2019\/08\/Hochzeitsfotos-Schwarz-Weiss-27.jpg 1200w\" data-sizes=\"auto\" data-orig-sizes=\"(max-width: 1024px) 100vw, 1024px\" \/><\/p>\n<p><img decoding=\"async\" class=\"lazyload aligncenter size-large wp-image-3573\" src=\"https:\/\/rolandsulzer.com\/blog\/wp-content\/uploads\/2019\/08\/Hochzeitsfotos-Schwarz-Weiss-28-1024x683.jpg\" data-orig-src=\"https:\/\/rolandsulzer.com\/blog\/wp-content\/uploads\/2019\/08\/Hochzeitsfotos-Schwarz-Weiss-28-1024x683.jpg\" alt=\"\" width=\"1024\" height=\"683\" srcset=\"data:image\/svg+xml,%3Csvg%20xmlns%3D%27http%3A%2F%2Fwww.w3.org%2F2000%2Fsvg%27%20width%3D%271024%27%20height%3D%27683%27%20viewBox%3D%270%200%201024%20683%27%3E%3Crect%20width%3D%271024%27%20height%3D%27683%27%20fill-opacity%3D%220%22%2F%3E%3C%2Fsvg%3E\" data-srcset=\"https:\/\/www.rolandsulzer.com\/blog\/wp-content\/uploads\/2019\/08\/Hochzeitsfotos-Schwarz-Weiss-28-200x133.jpg 200w, https:\/\/www.rolandsulzer.com\/blog\/wp-content\/uploads\/2019\/08\/Hochzeitsfotos-Schwarz-Weiss-28-300x200.jpg 300w, https:\/\/www.rolandsulzer.com\/blog\/wp-content\/uploads\/2019\/08\/Hochzeitsfotos-Schwarz-Weiss-28-400x267.jpg 400w, https:\/\/www.rolandsulzer.com\/blog\/wp-content\/uploads\/2019\/08\/Hochzeitsfotos-Schwarz-Weiss-28-600x400.jpg 600w, https:\/\/www.rolandsulzer.com\/blog\/wp-content\/uploads\/2019\/08\/Hochzeitsfotos-Schwarz-Weiss-28-768x512.jpg 768w, https:\/\/www.rolandsulzer.com\/blog\/wp-content\/uploads\/2019\/08\/Hochzeitsfotos-Schwarz-Weiss-28-800x533.jpg 800w, https:\/\/www.rolandsulzer.com\/blog\/wp-content\/uploads\/2019\/08\/Hochzeitsfotos-Schwarz-Weiss-28-1024x683.jpg 1024w, https:\/\/www.rolandsulzer.com\/blog\/wp-content\/uploads\/2019\/08\/Hochzeitsfotos-Schwarz-Weiss-28.jpg 1200w\" data-sizes=\"auto\" data-orig-sizes=\"(max-width: 1024px) 100vw, 1024px\" \/><\/p>\n<p><img decoding=\"async\" class=\"lazyload aligncenter size-large wp-image-3574\" src=\"https:\/\/rolandsulzer.com\/blog\/wp-content\/uploads\/2019\/08\/Hochzeitsfotos-Schwarz-Weiss-29-1024x683.jpg\" data-orig-src=\"https:\/\/rolandsulzer.com\/blog\/wp-content\/uploads\/2019\/08\/Hochzeitsfotos-Schwarz-Weiss-29-1024x683.jpg\" alt=\"\" width=\"1024\" height=\"683\" srcset=\"data:image\/svg+xml,%3Csvg%20xmlns%3D%27http%3A%2F%2Fwww.w3.org%2F2000%2Fsvg%27%20width%3D%271024%27%20height%3D%27683%27%20viewBox%3D%270%200%201024%20683%27%3E%3Crect%20width%3D%271024%27%20height%3D%27683%27%20fill-opacity%3D%220%22%2F%3E%3C%2Fsvg%3E\" data-srcset=\"https:\/\/www.rolandsulzer.com\/blog\/wp-content\/uploads\/2019\/08\/Hochzeitsfotos-Schwarz-Weiss-29-200x133.jpg 200w, https:\/\/www.rolandsulzer.com\/blog\/wp-content\/uploads\/2019\/08\/Hochzeitsfotos-Schwarz-Weiss-29-300x200.jpg 300w, https:\/\/www.rolandsulzer.com\/blog\/wp-content\/uploads\/2019\/08\/Hochzeitsfotos-Schwarz-Weiss-29-400x267.jpg 400w, https:\/\/www.rolandsulzer.com\/blog\/wp-content\/uploads\/2019\/08\/Hochzeitsfotos-Schwarz-Weiss-29-600x400.jpg 600w, https:\/\/www.rolandsulzer.com\/blog\/wp-content\/uploads\/2019\/08\/Hochzeitsfotos-Schwarz-Weiss-29-768x512.jpg 768w, https:\/\/www.rolandsulzer.com\/blog\/wp-content\/uploads\/2019\/08\/Hochzeitsfotos-Schwarz-Weiss-29-800x533.jpg 800w, https:\/\/www.rolandsulzer.com\/blog\/wp-content\/uploads\/2019\/08\/Hochzeitsfotos-Schwarz-Weiss-29-1024x683.jpg 1024w, https:\/\/www.rolandsulzer.com\/blog\/wp-content\/uploads\/2019\/08\/Hochzeitsfotos-Schwarz-Weiss-29.jpg 1200w\" data-sizes=\"auto\" data-orig-sizes=\"(max-width: 1024px) 100vw, 1024px\" \/><\/p>\n<p><img decoding=\"async\" class=\"lazyload aligncenter size-large wp-image-3575\" src=\"https:\/\/rolandsulzer.com\/blog\/wp-content\/uploads\/2019\/08\/Hochzeitsfotos-Schwarz-Weiss-30-1024x683.jpg\" data-orig-src=\"https:\/\/rolandsulzer.com\/blog\/wp-content\/uploads\/2019\/08\/Hochzeitsfotos-Schwarz-Weiss-30-1024x683.jpg\" alt=\"\" width=\"1024\" height=\"683\" srcset=\"data:image\/svg+xml,%3Csvg%20xmlns%3D%27http%3A%2F%2Fwww.w3.org%2F2000%2Fsvg%27%20width%3D%271024%27%20height%3D%27683%27%20viewBox%3D%270%200%201024%20683%27%3E%3Crect%20width%3D%271024%27%20height%3D%27683%27%20fill-opacity%3D%220%22%2F%3E%3C%2Fsvg%3E\" data-srcset=\"https:\/\/www.rolandsulzer.com\/blog\/wp-content\/uploads\/2019\/08\/Hochzeitsfotos-Schwarz-Weiss-30-200x133.jpg 200w, https:\/\/www.rolandsulzer.com\/blog\/wp-content\/uploads\/2019\/08\/Hochzeitsfotos-Schwarz-Weiss-30-300x200.jpg 300w, https:\/\/www.rolandsulzer.com\/blog\/wp-content\/uploads\/2019\/08\/Hochzeitsfotos-Schwarz-Weiss-30-400x267.jpg 400w, https:\/\/www.rolandsulzer.com\/blog\/wp-content\/uploads\/2019\/08\/Hochzeitsfotos-Schwarz-Weiss-30-600x400.jpg 600w, https:\/\/www.rolandsulzer.com\/blog\/wp-content\/uploads\/2019\/08\/Hochzeitsfotos-Schwarz-Weiss-30-768x512.jpg 768w, https:\/\/www.rolandsulzer.com\/blog\/wp-content\/uploads\/2019\/08\/Hochzeitsfotos-Schwarz-Weiss-30-800x533.jpg 800w, https:\/\/www.rolandsulzer.com\/blog\/wp-content\/uploads\/2019\/08\/Hochzeitsfotos-Schwarz-Weiss-30-1024x683.jpg 1024w, https:\/\/www.rolandsulzer.com\/blog\/wp-content\/uploads\/2019\/08\/Hochzeitsfotos-Schwarz-Weiss-30.jpg 1200w\" data-sizes=\"auto\" data-orig-sizes=\"(max-width: 1024px) 100vw, 1024px\" \/><\/p>\n<p><img decoding=\"async\" class=\"lazyload aligncenter size-large wp-image-3576\" src=\"https:\/\/rolandsulzer.com\/blog\/wp-content\/uploads\/2019\/08\/Hochzeitsfotos-Schwarz-Weiss-31-1024x683.jpg\" data-orig-src=\"https:\/\/rolandsulzer.com\/blog\/wp-content\/uploads\/2019\/08\/Hochzeitsfotos-Schwarz-Weiss-31-1024x683.jpg\" alt=\"\" width=\"1024\" height=\"683\" srcset=\"data:image\/svg+xml,%3Csvg%20xmlns%3D%27http%3A%2F%2Fwww.w3.org%2F2000%2Fsvg%27%20width%3D%271024%27%20height%3D%27683%27%20viewBox%3D%270%200%201024%20683%27%3E%3Crect%20width%3D%271024%27%20height%3D%27683%27%20fill-opacity%3D%220%22%2F%3E%3C%2Fsvg%3E\" data-srcset=\"https:\/\/www.rolandsulzer.com\/blog\/wp-content\/uploads\/2019\/08\/Hochzeitsfotos-Schwarz-Weiss-31-200x133.jpg 200w, https:\/\/www.rolandsulzer.com\/blog\/wp-content\/uploads\/2019\/08\/Hochzeitsfotos-Schwarz-Weiss-31-300x200.jpg 300w, https:\/\/www.rolandsulzer.com\/blog\/wp-content\/uploads\/2019\/08\/Hochzeitsfotos-Schwarz-Weiss-31-400x267.jpg 400w, https:\/\/www.rolandsulzer.com\/blog\/wp-content\/uploads\/2019\/08\/Hochzeitsfotos-Schwarz-Weiss-31-600x400.jpg 600w, https:\/\/www.rolandsulzer.com\/blog\/wp-content\/uploads\/2019\/08\/Hochzeitsfotos-Schwarz-Weiss-31-768x512.jpg 768w, https:\/\/www.rolandsulzer.com\/blog\/wp-content\/uploads\/2019\/08\/Hochzeitsfotos-Schwarz-Weiss-31-800x533.jpg 800w, https:\/\/www.rolandsulzer.com\/blog\/wp-content\/uploads\/2019\/08\/Hochzeitsfotos-Schwarz-Weiss-31-1024x683.jpg 1024w, https:\/\/www.rolandsulzer.com\/blog\/wp-content\/uploads\/2019\/08\/Hochzeitsfotos-Schwarz-Weiss-31.jpg 1200w\" data-sizes=\"auto\" data-orig-sizes=\"(max-width: 1024px) 100vw, 1024px\" \/><\/p>\n<p><img decoding=\"async\" class=\"lazyload aligncenter size-large wp-image-3577\" src=\"https:\/\/rolandsulzer.com\/blog\/wp-content\/uploads\/2019\/08\/Hochzeitsfotos-Schwarz-Weiss-32-1024x683.jpg\" data-orig-src=\"https:\/\/rolandsulzer.com\/blog\/wp-content\/uploads\/2019\/08\/Hochzeitsfotos-Schwarz-Weiss-32-1024x683.jpg\" alt=\"\" width=\"1024\" height=\"683\" srcset=\"data:image\/svg+xml,%3Csvg%20xmlns%3D%27http%3A%2F%2Fwww.w3.org%2F2000%2Fsvg%27%20width%3D%271024%27%20height%3D%27683%27%20viewBox%3D%270%200%201024%20683%27%3E%3Crect%20width%3D%271024%27%20height%3D%27683%27%20fill-opacity%3D%220%22%2F%3E%3C%2Fsvg%3E\" data-srcset=\"https:\/\/www.rolandsulzer.com\/blog\/wp-content\/uploads\/2019\/08\/Hochzeitsfotos-Schwarz-Weiss-32-200x133.jpg 200w, https:\/\/www.rolandsulzer.com\/blog\/wp-content\/uploads\/2019\/08\/Hochzeitsfotos-Schwarz-Weiss-32-300x200.jpg 300w, https:\/\/www.rolandsulzer.com\/blog\/wp-content\/uploads\/2019\/08\/Hochzeitsfotos-Schwarz-Weiss-32-400x267.jpg 400w, https:\/\/www.rolandsulzer.com\/blog\/wp-content\/uploads\/2019\/08\/Hochzeitsfotos-Schwarz-Weiss-32-600x400.jpg 600w, https:\/\/www.rolandsulzer.com\/blog\/wp-content\/uploads\/2019\/08\/Hochzeitsfotos-Schwarz-Weiss-32-768x512.jpg 768w, https:\/\/www.rolandsulzer.com\/blog\/wp-content\/uploads\/2019\/08\/Hochzeitsfotos-Schwarz-Weiss-32-800x533.jpg 800w, https:\/\/www.rolandsulzer.com\/blog\/wp-content\/uploads\/2019\/08\/Hochzeitsfotos-Schwarz-Weiss-32-1024x683.jpg 1024w, https:\/\/www.rolandsulzer.com\/blog\/wp-content\/uploads\/2019\/08\/Hochzeitsfotos-Schwarz-Weiss-32.jpg 1200w\" data-sizes=\"auto\" data-orig-sizes=\"(max-width: 1024px) 100vw, 1024px\" \/><\/p>\n<p><img decoding=\"async\" class=\"lazyload aligncenter size-large wp-image-3578\" src=\"https:\/\/rolandsulzer.com\/blog\/wp-content\/uploads\/2019\/08\/Hochzeitsfotos-Schwarz-Weiss-33-1024x683.jpg\" data-orig-src=\"https:\/\/rolandsulzer.com\/blog\/wp-content\/uploads\/2019\/08\/Hochzeitsfotos-Schwarz-Weiss-33-1024x683.jpg\" alt=\"\" width=\"1024\" height=\"683\" srcset=\"data:image\/svg+xml,%3Csvg%20xmlns%3D%27http%3A%2F%2Fwww.w3.org%2F2000%2Fsvg%27%20width%3D%271024%27%20height%3D%27683%27%20viewBox%3D%270%200%201024%20683%27%3E%3Crect%20width%3D%271024%27%20height%3D%27683%27%20fill-opacity%3D%220%22%2F%3E%3C%2Fsvg%3E\" data-srcset=\"https:\/\/www.rolandsulzer.com\/blog\/wp-content\/uploads\/2019\/08\/Hochzeitsfotos-Schwarz-Weiss-33-200x133.jpg 200w, https:\/\/www.rolandsulzer.com\/blog\/wp-content\/uploads\/2019\/08\/Hochzeitsfotos-Schwarz-Weiss-33-300x200.jpg 300w, https:\/\/www.rolandsulzer.com\/blog\/wp-content\/uploads\/2019\/08\/Hochzeitsfotos-Schwarz-Weiss-33-400x267.jpg 400w, https:\/\/www.rolandsulzer.com\/blog\/wp-content\/uploads\/2019\/08\/Hochzeitsfotos-Schwarz-Weiss-33-600x400.jpg 600w, https:\/\/www.rolandsulzer.com\/blog\/wp-content\/uploads\/2019\/08\/Hochzeitsfotos-Schwarz-Weiss-33-768x512.jpg 768w, https:\/\/www.rolandsulzer.com\/blog\/wp-content\/uploads\/2019\/08\/Hochzeitsfotos-Schwarz-Weiss-33-800x533.jpg 800w, https:\/\/www.rolandsulzer.com\/blog\/wp-content\/uploads\/2019\/08\/Hochzeitsfotos-Schwarz-Weiss-33-1024x683.jpg 1024w, https:\/\/www.rolandsulzer.com\/blog\/wp-content\/uploads\/2019\/08\/Hochzeitsfotos-Schwarz-Weiss-33.jpg 1200w\" data-sizes=\"auto\" data-orig-sizes=\"(max-width: 1024px) 100vw, 1024px\" \/><\/p>\n<p><img decoding=\"async\" class=\"lazyload aligncenter size-large wp-image-3579\" src=\"https:\/\/rolandsulzer.com\/blog\/wp-content\/uploads\/2019\/08\/Hochzeitsfotos-Schwarz-Weiss-34-1024x683.jpg\" data-orig-src=\"https:\/\/rolandsulzer.com\/blog\/wp-content\/uploads\/2019\/08\/Hochzeitsfotos-Schwarz-Weiss-34-1024x683.jpg\" alt=\"\" width=\"1024\" height=\"683\" srcset=\"data:image\/svg+xml,%3Csvg%20xmlns%3D%27http%3A%2F%2Fwww.w3.org%2F2000%2Fsvg%27%20width%3D%271024%27%20height%3D%27683%27%20viewBox%3D%270%200%201024%20683%27%3E%3Crect%20width%3D%271024%27%20height%3D%27683%27%20fill-opacity%3D%220%22%2F%3E%3C%2Fsvg%3E\" data-srcset=\"https:\/\/www.rolandsulzer.com\/blog\/wp-content\/uploads\/2019\/08\/Hochzeitsfotos-Schwarz-Weiss-34-200x133.jpg 200w, https:\/\/www.rolandsulzer.com\/blog\/wp-content\/uploads\/2019\/08\/Hochzeitsfotos-Schwarz-Weiss-34-300x200.jpg 300w, https:\/\/www.rolandsulzer.com\/blog\/wp-content\/uploads\/2019\/08\/Hochzeitsfotos-Schwarz-Weiss-34-400x267.jpg 400w, https:\/\/www.rolandsulzer.com\/blog\/wp-content\/uploads\/2019\/08\/Hochzeitsfotos-Schwarz-Weiss-34-600x400.jpg 600w, https:\/\/www.rolandsulzer.com\/blog\/wp-content\/uploads\/2019\/08\/Hochzeitsfotos-Schwarz-Weiss-34-768x512.jpg 768w, https:\/\/www.rolandsulzer.com\/blog\/wp-content\/uploads\/2019\/08\/Hochzeitsfotos-Schwarz-Weiss-34-800x533.jpg 800w, https:\/\/www.rolandsulzer.com\/blog\/wp-content\/uploads\/2019\/08\/Hochzeitsfotos-Schwarz-Weiss-34-1024x683.jpg 1024w, https:\/\/www.rolandsulzer.com\/blog\/wp-content\/uploads\/2019\/08\/Hochzeitsfotos-Schwarz-Weiss-34.jpg 1200w\" data-sizes=\"auto\" data-orig-sizes=\"(max-width: 1024px) 100vw, 1024px\" \/><\/p>\n<p><img decoding=\"async\" class=\"lazyload aligncenter size-large wp-image-3580\" src=\"https:\/\/rolandsulzer.com\/blog\/wp-content\/uploads\/2019\/08\/Hochzeitsfotos-Schwarz-Weiss-35-1024x683.jpg\" data-orig-src=\"https:\/\/rolandsulzer.com\/blog\/wp-content\/uploads\/2019\/08\/Hochzeitsfotos-Schwarz-Weiss-35-1024x683.jpg\" alt=\"\" width=\"1024\" height=\"683\" srcset=\"data:image\/svg+xml,%3Csvg%20xmlns%3D%27http%3A%2F%2Fwww.w3.org%2F2000%2Fsvg%27%20width%3D%271024%27%20height%3D%27683%27%20viewBox%3D%270%200%201024%20683%27%3E%3Crect%20width%3D%271024%27%20height%3D%27683%27%20fill-opacity%3D%220%22%2F%3E%3C%2Fsvg%3E\" data-srcset=\"https:\/\/www.rolandsulzer.com\/blog\/wp-content\/uploads\/2019\/08\/Hochzeitsfotos-Schwarz-Weiss-35-200x133.jpg 200w, https:\/\/www.rolandsulzer.com\/blog\/wp-content\/uploads\/2019\/08\/Hochzeitsfotos-Schwarz-Weiss-35-300x200.jpg 300w, https:\/\/www.rolandsulzer.com\/blog\/wp-content\/uploads\/2019\/08\/Hochzeitsfotos-Schwarz-Weiss-35-400x267.jpg 400w, https:\/\/www.rolandsulzer.com\/blog\/wp-content\/uploads\/2019\/08\/Hochzeitsfotos-Schwarz-Weiss-35-600x400.jpg 600w, https:\/\/www.rolandsulzer.com\/blog\/wp-content\/uploads\/2019\/08\/Hochzeitsfotos-Schwarz-Weiss-35-768x512.jpg 768w, https:\/\/www.rolandsulzer.com\/blog\/wp-content\/uploads\/2019\/08\/Hochzeitsfotos-Schwarz-Weiss-35-800x533.jpg 800w, https:\/\/www.rolandsulzer.com\/blog\/wp-content\/uploads\/2019\/08\/Hochzeitsfotos-Schwarz-Weiss-35-1024x683.jpg 1024w, https:\/\/www.rolandsulzer.com\/blog\/wp-content\/uploads\/2019\/08\/Hochzeitsfotos-Schwarz-Weiss-35.jpg 1200w\" data-sizes=\"auto\" data-orig-sizes=\"(max-width: 1024px) 100vw, 1024px\" \/><\/p>\n<p><img decoding=\"async\" class=\"lazyload aligncenter size-large wp-image-3581\" src=\"https:\/\/rolandsulzer.com\/blog\/wp-content\/uploads\/2019\/08\/Hochzeitsfotos-Schwarz-Weiss-36-1024x683.jpg\" data-orig-src=\"https:\/\/rolandsulzer.com\/blog\/wp-content\/uploads\/2019\/08\/Hochzeitsfotos-Schwarz-Weiss-36-1024x683.jpg\" alt=\"\" width=\"1024\" height=\"683\" srcset=\"data:image\/svg+xml,%3Csvg%20xmlns%3D%27http%3A%2F%2Fwww.w3.org%2F2000%2Fsvg%27%20width%3D%271024%27%20height%3D%27683%27%20viewBox%3D%270%200%201024%20683%27%3E%3Crect%20width%3D%271024%27%20height%3D%27683%27%20fill-opacity%3D%220%22%2F%3E%3C%2Fsvg%3E\" data-srcset=\"https:\/\/www.rolandsulzer.com\/blog\/wp-content\/uploads\/2019\/08\/Hochzeitsfotos-Schwarz-Weiss-36-200x133.jpg 200w, https:\/\/www.rolandsulzer.com\/blog\/wp-content\/uploads\/2019\/08\/Hochzeitsfotos-Schwarz-Weiss-36-300x200.jpg 300w, https:\/\/www.rolandsulzer.com\/blog\/wp-content\/uploads\/2019\/08\/Hochzeitsfotos-Schwarz-Weiss-36-400x267.jpg 400w, https:\/\/www.rolandsulzer.com\/blog\/wp-content\/uploads\/2019\/08\/Hochzeitsfotos-Schwarz-Weiss-36-600x400.jpg 600w, https:\/\/www.rolandsulzer.com\/blog\/wp-content\/uploads\/2019\/08\/Hochzeitsfotos-Schwarz-Weiss-36-768x512.jpg 768w, https:\/\/www.rolandsulzer.com\/blog\/wp-content\/uploads\/2019\/08\/Hochzeitsfotos-Schwarz-Weiss-36-800x533.jpg 800w, https:\/\/www.rolandsulzer.com\/blog\/wp-content\/uploads\/2019\/08\/Hochzeitsfotos-Schwarz-Weiss-36-1024x683.jpg 1024w, https:\/\/www.rolandsulzer.com\/blog\/wp-content\/uploads\/2019\/08\/Hochzeitsfotos-Schwarz-Weiss-36.jpg 1200w\" data-sizes=\"auto\" data-orig-sizes=\"(max-width: 1024px) 100vw, 1024px\" \/><\/p>\n<p><img decoding=\"async\" class=\"lazyload aligncenter size-large wp-image-3583\" src=\"https:\/\/rolandsulzer.com\/blog\/wp-content\/uploads\/2019\/08\/Hochzeitsfotos-Schwarz-Weiss-37-1-1024x683.jpg\" data-orig-src=\"https:\/\/rolandsulzer.com\/blog\/wp-content\/uploads\/2019\/08\/Hochzeitsfotos-Schwarz-Weiss-37-1-1024x683.jpg\" alt=\"\" width=\"1024\" height=\"683\" srcset=\"data:image\/svg+xml,%3Csvg%20xmlns%3D%27http%3A%2F%2Fwww.w3.org%2F2000%2Fsvg%27%20width%3D%271024%27%20height%3D%27683%27%20viewBox%3D%270%200%201024%20683%27%3E%3Crect%20width%3D%271024%27%20height%3D%27683%27%20fill-opacity%3D%220%22%2F%3E%3C%2Fsvg%3E\" data-srcset=\"https:\/\/www.rolandsulzer.com\/blog\/wp-content\/uploads\/2019\/08\/Hochzeitsfotos-Schwarz-Weiss-37-1-200x133.jpg 200w, https:\/\/www.rolandsulzer.com\/blog\/wp-content\/uploads\/2019\/08\/Hochzeitsfotos-Schwarz-Weiss-37-1-300x200.jpg 300w, https:\/\/www.rolandsulzer.com\/blog\/wp-content\/uploads\/2019\/08\/Hochzeitsfotos-Schwarz-Weiss-37-1-400x267.jpg 400w, https:\/\/www.rolandsulzer.com\/blog\/wp-content\/uploads\/2019\/08\/Hochzeitsfotos-Schwarz-Weiss-37-1-600x400.jpg 600w, https:\/\/www.rolandsulzer.com\/blog\/wp-content\/uploads\/2019\/08\/Hochzeitsfotos-Schwarz-Weiss-37-1-768x512.jpg 768w, https:\/\/www.rolandsulzer.com\/blog\/wp-content\/uploads\/2019\/08\/Hochzeitsfotos-Schwarz-Weiss-37-1-800x533.jpg 800w, https:\/\/www.rolandsulzer.com\/blog\/wp-content\/uploads\/2019\/08\/Hochzeitsfotos-Schwarz-Weiss-37-1-1024x683.jpg 1024w, https:\/\/www.rolandsulzer.com\/blog\/wp-content\/uploads\/2019\/08\/Hochzeitsfotos-Schwarz-Weiss-37-1.jpg 1200w\" data-sizes=\"auto\" data-orig-sizes=\"(max-width: 1024px) 100vw, 1024px\" \/><\/p>\n<p>&nbsp;<\/p>\n<p>&nbsp;<\/p>\n<p style=\"text-align: center;\">Verlobt und auf der Suche nach Deinem Hochzeitsfotografen?<br \/>\n<a href=\"https:\/\/www.rolandsulzer.com\/kontakt\">Hier kannst Du mit uns Kontakt aufnehmen<\/a><\/p>\n","protected":false},"excerpt":{"rendered":"<p>Schon lange wollte ich alle Hochzeitsfotos in Schwarz-Wei\u00df pr\u00e4sentieren. Eigentlich [&hellip;]<\/p>\n","protected":false},"author":1,"featured_media":3581,"comment_status":"open","ping_status":"closed","sticky":false,"template":"","format":"standard","meta":{"footnotes":""},"categories":[1],"tags":[],"class_list":["post-3540","post","type-post","status-publish","format-standard","has-post-thumbnail","hentry","category-allgemein"],"yoast_head":"<!-- This site is optimized with the Yoast SEO plugin v27.5 - https:\/\/yoast.com\/product\/yoast-seo-wordpress\/ -->\n<title>Hochzeitsfotos in Schwarz-Wei\u00df - Sophie und Peter - Roland Sulzer Fotografie - Blog<\/title>\n<meta name=\"robots\" content=\"index, follow, max-snippet:-1, max-image-preview:large, max-video-preview:-1\" \/>\n<link rel=\"canonical\" href=\"https:\/\/rolandsulzer.com\/blog\/2019\/08\/06\/hochzeitsfotos-in-schwarz-weiss-sophie-und-peter\/\" \/>\n<meta property=\"og:locale\" content=\"de_DE\" \/>\n<meta property=\"og:type\" content=\"article\" \/>\n<meta property=\"og:title\" content=\"Hochzeitsfotos in Schwarz-Wei\u00df - Sophie und Peter - Roland Sulzer Fotografie - Blog\" \/>\n<meta property=\"og:description\" content=\"Schon lange wollte ich alle Hochzeitsfotos in Schwarz-Wei\u00df pr\u00e4sentieren. Eigentlich [&hellip;]\" \/>\n<meta property=\"og:url\" content=\"https:\/\/rolandsulzer.com\/blog\/2019\/08\/06\/hochzeitsfotos-in-schwarz-weiss-sophie-und-peter\/\" \/>\n<meta property=\"og:site_name\" content=\"Roland Sulzer Fotografie - Blog\" \/>\n<meta property=\"article:published_time\" content=\"2019-08-06T09:48:22+00:00\" \/>\n<meta property=\"article:modified_time\" content=\"2019-08-06T09:49:26+00:00\" \/>\n<meta property=\"og:image\" content=\"https:\/\/rolandsulzer.com\/blog\/wp-content\/uploads\/2019\/08\/Hochzeitsfotos-Schwarz-Weiss-36.jpg\" \/>\n\t<meta property=\"og:image:width\" content=\"1200\" \/>\n\t<meta property=\"og:image:height\" content=\"800\" \/>\n\t<meta property=\"og:image:type\" content=\"image\/jpeg\" \/>\n<meta name=\"author\" content=\"Roland\" \/>\n<meta name=\"twitter:card\" content=\"summary_large_image\" \/>\n<meta name=\"twitter:label1\" content=\"Verfasst von\" \/>\n\t<meta name=\"twitter:data1\" content=\"\" \/>\n\t<meta name=\"twitter:label2\" content=\"Gesch\u00e4tzte Lesezeit\" \/>\n\t<meta name=\"twitter:data2\" content=\"1\u00a0Minute\" \/>\n<script type=\"application\/ld+json\" class=\"yoast-schema-graph\">{\"@context\":\"https:\\\/\\\/schema.org\",\"@graph\":[{\"@type\":\"Article\",\"@id\":\"https:\\\/\\\/rolandsulzer.com\\\/blog\\\/2019\\\/08\\\/06\\\/hochzeitsfotos-in-schwarz-weiss-sophie-und-peter\\\/#article\",\"isPartOf\":{\"@id\":\"https:\\\/\\\/rolandsulzer.com\\\/blog\\\/2019\\\/08\\\/06\\\/hochzeitsfotos-in-schwarz-weiss-sophie-und-peter\\\/\"},\"author\":{\"name\":\"Roland\",\"@id\":\"https:\\\/\\\/www.rolandsulzer.com\\\/blog\\\/#\\\/schema\\\/person\\\/fbaea56746bf348294afbf1862901d84\"},\"headline\":\"Hochzeitsfotos in Schwarz-Wei\u00df &#8211; Sophie und Peter\",\"datePublished\":\"2019-08-06T09:48:22+00:00\",\"dateModified\":\"2019-08-06T09:49:26+00:00\",\"mainEntityOfPage\":{\"@id\":\"https:\\\/\\\/rolandsulzer.com\\\/blog\\\/2019\\\/08\\\/06\\\/hochzeitsfotos-in-schwarz-weiss-sophie-und-peter\\\/\"},\"wordCount\":269,\"commentCount\":0,\"publisher\":{\"@id\":\"https:\\\/\\\/www.rolandsulzer.com\\\/blog\\\/#organization\"},\"image\":{\"@id\":\"https:\\\/\\\/rolandsulzer.com\\\/blog\\\/2019\\\/08\\\/06\\\/hochzeitsfotos-in-schwarz-weiss-sophie-und-peter\\\/#primaryimage\"},\"thumbnailUrl\":\"https:\\\/\\\/www.rolandsulzer.com\\\/blog\\\/wp-content\\\/uploads\\\/2019\\\/08\\\/Hochzeitsfotos-Schwarz-Weiss-36.jpg\",\"articleSection\":[\"Blog\"],\"inLanguage\":\"de\",\"potentialAction\":[{\"@type\":\"CommentAction\",\"name\":\"Comment\",\"target\":[\"https:\\\/\\\/rolandsulzer.com\\\/blog\\\/2019\\\/08\\\/06\\\/hochzeitsfotos-in-schwarz-weiss-sophie-und-peter\\\/#respond\"]}]},{\"@type\":\"WebPage\",\"@id\":\"https:\\\/\\\/rolandsulzer.com\\\/blog\\\/2019\\\/08\\\/06\\\/hochzeitsfotos-in-schwarz-weiss-sophie-und-peter\\\/\",\"url\":\"https:\\\/\\\/rolandsulzer.com\\\/blog\\\/2019\\\/08\\\/06\\\/hochzeitsfotos-in-schwarz-weiss-sophie-und-peter\\\/\",\"name\":\"Hochzeitsfotos in Schwarz-Wei\u00df - Sophie und Peter - Roland Sulzer Fotografie - Blog\",\"isPartOf\":{\"@id\":\"https:\\\/\\\/www.rolandsulzer.com\\\/blog\\\/#website\"},\"primaryImageOfPage\":{\"@id\":\"https:\\\/\\\/rolandsulzer.com\\\/blog\\\/2019\\\/08\\\/06\\\/hochzeitsfotos-in-schwarz-weiss-sophie-und-peter\\\/#primaryimage\"},\"image\":{\"@id\":\"https:\\\/\\\/rolandsulzer.com\\\/blog\\\/2019\\\/08\\\/06\\\/hochzeitsfotos-in-schwarz-weiss-sophie-und-peter\\\/#primaryimage\"},\"thumbnailUrl\":\"https:\\\/\\\/www.rolandsulzer.com\\\/blog\\\/wp-content\\\/uploads\\\/2019\\\/08\\\/Hochzeitsfotos-Schwarz-Weiss-36.jpg\",\"datePublished\":\"2019-08-06T09:48:22+00:00\",\"dateModified\":\"2019-08-06T09:49:26+00:00\",\"breadcrumb\":{\"@id\":\"https:\\\/\\\/rolandsulzer.com\\\/blog\\\/2019\\\/08\\\/06\\\/hochzeitsfotos-in-schwarz-weiss-sophie-und-peter\\\/#breadcrumb\"},\"inLanguage\":\"de\",\"potentialAction\":[{\"@type\":\"ReadAction\",\"target\":[\"https:\\\/\\\/rolandsulzer.com\\\/blog\\\/2019\\\/08\\\/06\\\/hochzeitsfotos-in-schwarz-weiss-sophie-und-peter\\\/\"]}]},{\"@type\":\"ImageObject\",\"inLanguage\":\"de\",\"@id\":\"https:\\\/\\\/rolandsulzer.com\\\/blog\\\/2019\\\/08\\\/06\\\/hochzeitsfotos-in-schwarz-weiss-sophie-und-peter\\\/#primaryimage\",\"url\":\"https:\\\/\\\/www.rolandsulzer.com\\\/blog\\\/wp-content\\\/uploads\\\/2019\\\/08\\\/Hochzeitsfotos-Schwarz-Weiss-36.jpg\",\"contentUrl\":\"https:\\\/\\\/www.rolandsulzer.com\\\/blog\\\/wp-content\\\/uploads\\\/2019\\\/08\\\/Hochzeitsfotos-Schwarz-Weiss-36.jpg\",\"width\":1200,\"height\":800},{\"@type\":\"BreadcrumbList\",\"@id\":\"https:\\\/\\\/rolandsulzer.com\\\/blog\\\/2019\\\/08\\\/06\\\/hochzeitsfotos-in-schwarz-weiss-sophie-und-peter\\\/#breadcrumb\",\"itemListElement\":[{\"@type\":\"ListItem\",\"position\":1,\"name\":\"Home\",\"item\":\"https:\\\/\\\/www.rolandsulzer.com\\\/blog\\\/\"},{\"@type\":\"ListItem\",\"position\":2,\"name\":\"Hochzeitsfotos in Schwarz-Wei\u00df &#8211; Sophie und Peter\"}]},{\"@type\":\"WebSite\",\"@id\":\"https:\\\/\\\/www.rolandsulzer.com\\\/blog\\\/#website\",\"url\":\"https:\\\/\\\/www.rolandsulzer.com\\\/blog\\\/\",\"name\":\"Roland Sulzer Fotografie - Blog\",\"description\":\"Hochzeitsfotograf\",\"publisher\":{\"@id\":\"https:\\\/\\\/www.rolandsulzer.com\\\/blog\\\/#organization\"},\"potentialAction\":[{\"@type\":\"SearchAction\",\"target\":{\"@type\":\"EntryPoint\",\"urlTemplate\":\"https:\\\/\\\/www.rolandsulzer.com\\\/blog\\\/?s={search_term_string}\"},\"query-input\":{\"@type\":\"PropertyValueSpecification\",\"valueRequired\":true,\"valueName\":\"search_term_string\"}}],\"inLanguage\":\"de\"},{\"@type\":\"Organization\",\"@id\":\"https:\\\/\\\/www.rolandsulzer.com\\\/blog\\\/#organization\",\"name\":\"Roland Sulzer Fotografie GmbH\",\"url\":\"https:\\\/\\\/www.rolandsulzer.com\\\/blog\\\/\",\"logo\":{\"@type\":\"ImageObject\",\"inLanguage\":\"de\",\"@id\":\"https:\\\/\\\/www.rolandsulzer.com\\\/blog\\\/#\\\/schema\\\/logo\\\/image\\\/\",\"url\":\"https:\\\/\\\/rolandsulzer.com\\\/blog\\\/wp-content\\\/uploads\\\/2015\\\/05\\\/logo1.png\",\"contentUrl\":\"https:\\\/\\\/rolandsulzer.com\\\/blog\\\/wp-content\\\/uploads\\\/2015\\\/05\\\/logo1.png\",\"width\":200,\"height\":100,\"caption\":\"Roland Sulzer Fotografie GmbH\"},\"image\":{\"@id\":\"https:\\\/\\\/www.rolandsulzer.com\\\/blog\\\/#\\\/schema\\\/logo\\\/image\\\/\"}},{\"@type\":\"Person\",\"@id\":\"https:\\\/\\\/www.rolandsulzer.com\\\/blog\\\/#\\\/schema\\\/person\\\/fbaea56746bf348294afbf1862901d84\",\"name\":\"Roland\",\"image\":{\"@type\":\"ImageObject\",\"inLanguage\":\"de\",\"@id\":\"https:\\\/\\\/secure.gravatar.com\\\/avatar\\\/bb616155dc33dab0767dded8614bcb42f29153b83bb1ace4e5864e1326129aa4?s=96&d=mm&r=g\",\"url\":\"https:\\\/\\\/secure.gravatar.com\\\/avatar\\\/bb616155dc33dab0767dded8614bcb42f29153b83bb1ace4e5864e1326129aa4?s=96&d=mm&r=g\",\"contentUrl\":\"https:\\\/\\\/secure.gravatar.com\\\/avatar\\\/bb616155dc33dab0767dded8614bcb42f29153b83bb1ace4e5864e1326129aa4?s=96&d=mm&r=g\",\"caption\":\"Roland\"},\"url\":\"https:\\\/\\\/www.rolandsulzer.com\\\/blog\\\/author\\\/rsulzeraon-at\\\/\"}]}<\/script>\n<!-- \/ Yoast SEO plugin. -->","yoast_head_json":{"title":"Hochzeitsfotos in Schwarz-Wei\u00df - Sophie und Peter - Roland Sulzer Fotografie - Blog","robots":{"index":"index","follow":"follow","max-snippet":"max-snippet:-1","max-image-preview":"max-image-preview:large","max-video-preview":"max-video-preview:-1"},"canonical":"https:\/\/rolandsulzer.com\/blog\/2019\/08\/06\/hochzeitsfotos-in-schwarz-weiss-sophie-und-peter\/","og_locale":"de_DE","og_type":"article","og_title":"Hochzeitsfotos in Schwarz-Wei\u00df - Sophie und Peter - Roland Sulzer Fotografie - Blog","og_description":"Schon lange wollte ich alle Hochzeitsfotos in Schwarz-Wei\u00df pr\u00e4sentieren. Eigentlich [&hellip;]","og_url":"https:\/\/rolandsulzer.com\/blog\/2019\/08\/06\/hochzeitsfotos-in-schwarz-weiss-sophie-und-peter\/","og_site_name":"Roland Sulzer Fotografie - Blog","article_published_time":"2019-08-06T09:48:22+00:00","article_modified_time":"2019-08-06T09:49:26+00:00","og_image":[{"width":1200,"height":800,"url":"https:\/\/rolandsulzer.com\/blog\/wp-content\/uploads\/2019\/08\/Hochzeitsfotos-Schwarz-Weiss-36.jpg","type":"image\/jpeg"}],"author":"Roland","twitter_card":"summary_large_image","twitter_misc":{"Verfasst von":false,"Gesch\u00e4tzte Lesezeit":"1\u00a0Minute"},"schema":{"@context":"https:\/\/schema.org","@graph":[{"@type":"Article","@id":"https:\/\/rolandsulzer.com\/blog\/2019\/08\/06\/hochzeitsfotos-in-schwarz-weiss-sophie-und-peter\/#article","isPartOf":{"@id":"https:\/\/rolandsulzer.com\/blog\/2019\/08\/06\/hochzeitsfotos-in-schwarz-weiss-sophie-und-peter\/"},"author":{"name":"Roland","@id":"https:\/\/www.rolandsulzer.com\/blog\/#\/schema\/person\/fbaea56746bf348294afbf1862901d84"},"headline":"Hochzeitsfotos in Schwarz-Wei\u00df &#8211; Sophie und Peter","datePublished":"2019-08-06T09:48:22+00:00","dateModified":"2019-08-06T09:49:26+00:00","mainEntityOfPage":{"@id":"https:\/\/rolandsulzer.com\/blog\/2019\/08\/06\/hochzeitsfotos-in-schwarz-weiss-sophie-und-peter\/"},"wordCount":269,"commentCount":0,"publisher":{"@id":"https:\/\/www.rolandsulzer.com\/blog\/#organization"},"image":{"@id":"https:\/\/rolandsulzer.com\/blog\/2019\/08\/06\/hochzeitsfotos-in-schwarz-weiss-sophie-und-peter\/#primaryimage"},"thumbnailUrl":"https:\/\/www.rolandsulzer.com\/blog\/wp-content\/uploads\/2019\/08\/Hochzeitsfotos-Schwarz-Weiss-36.jpg","articleSection":["Blog"],"inLanguage":"de","potentialAction":[{"@type":"CommentAction","name":"Comment","target":["https:\/\/rolandsulzer.com\/blog\/2019\/08\/06\/hochzeitsfotos-in-schwarz-weiss-sophie-und-peter\/#respond"]}]},{"@type":"WebPage","@id":"https:\/\/rolandsulzer.com\/blog\/2019\/08\/06\/hochzeitsfotos-in-schwarz-weiss-sophie-und-peter\/","url":"https:\/\/rolandsulzer.com\/blog\/2019\/08\/06\/hochzeitsfotos-in-schwarz-weiss-sophie-und-peter\/","name":"Hochzeitsfotos in Schwarz-Wei\u00df - Sophie und Peter - Roland Sulzer Fotografie - Blog","isPartOf":{"@id":"https:\/\/www.rolandsulzer.com\/blog\/#website"},"primaryImageOfPage":{"@id":"https:\/\/rolandsulzer.com\/blog\/2019\/08\/06\/hochzeitsfotos-in-schwarz-weiss-sophie-und-peter\/#primaryimage"},"image":{"@id":"https:\/\/rolandsulzer.com\/blog\/2019\/08\/06\/hochzeitsfotos-in-schwarz-weiss-sophie-und-peter\/#primaryimage"},"thumbnailUrl":"https:\/\/www.rolandsulzer.com\/blog\/wp-content\/uploads\/2019\/08\/Hochzeitsfotos-Schwarz-Weiss-36.jpg","datePublished":"2019-08-06T09:48:22+00:00","dateModified":"2019-08-06T09:49:26+00:00","breadcrumb":{"@id":"https:\/\/rolandsulzer.com\/blog\/2019\/08\/06\/hochzeitsfotos-in-schwarz-weiss-sophie-und-peter\/#breadcrumb"},"inLanguage":"de","potentialAction":[{"@type":"ReadAction","target":["https:\/\/rolandsulzer.com\/blog\/2019\/08\/06\/hochzeitsfotos-in-schwarz-weiss-sophie-und-peter\/"]}]},{"@type":"ImageObject","inLanguage":"de","@id":"https:\/\/rolandsulzer.com\/blog\/2019\/08\/06\/hochzeitsfotos-in-schwarz-weiss-sophie-und-peter\/#primaryimage","url":"https:\/\/www.rolandsulzer.com\/blog\/wp-content\/uploads\/2019\/08\/Hochzeitsfotos-Schwarz-Weiss-36.jpg","contentUrl":"https:\/\/www.rolandsulzer.com\/blog\/wp-content\/uploads\/2019\/08\/Hochzeitsfotos-Schwarz-Weiss-36.jpg","width":1200,"height":800},{"@type":"BreadcrumbList","@id":"https:\/\/rolandsulzer.com\/blog\/2019\/08\/06\/hochzeitsfotos-in-schwarz-weiss-sophie-und-peter\/#breadcrumb","itemListElement":[{"@type":"ListItem","position":1,"name":"Home","item":"https:\/\/www.rolandsulzer.com\/blog\/"},{"@type":"ListItem","position":2,"name":"Hochzeitsfotos in Schwarz-Wei\u00df &#8211; Sophie und Peter"}]},{"@type":"WebSite","@id":"https:\/\/www.rolandsulzer.com\/blog\/#website","url":"https:\/\/www.rolandsulzer.com\/blog\/","name":"Roland Sulzer Fotografie - Blog","description":"Hochzeitsfotograf","publisher":{"@id":"https:\/\/www.rolandsulzer.com\/blog\/#organization"},"potentialAction":[{"@type":"SearchAction","target":{"@type":"EntryPoint","urlTemplate":"https:\/\/www.rolandsulzer.com\/blog\/?s={search_term_string}"},"query-input":{"@type":"PropertyValueSpecification","valueRequired":true,"valueName":"search_term_string"}}],"inLanguage":"de"},{"@type":"Organization","@id":"https:\/\/www.rolandsulzer.com\/blog\/#organization","name":"Roland Sulzer Fotografie GmbH","url":"https:\/\/www.rolandsulzer.com\/blog\/","logo":{"@type":"ImageObject","inLanguage":"de","@id":"https:\/\/www.rolandsulzer.com\/blog\/#\/schema\/logo\/image\/","url":"https:\/\/rolandsulzer.com\/blog\/wp-content\/uploads\/2015\/05\/logo1.png","contentUrl":"https:\/\/rolandsulzer.com\/blog\/wp-content\/uploads\/2015\/05\/logo1.png","width":200,"height":100,"caption":"Roland Sulzer Fotografie GmbH"},"image":{"@id":"https:\/\/www.rolandsulzer.com\/blog\/#\/schema\/logo\/image\/"}},{"@type":"Person","@id":"https:\/\/www.rolandsulzer.com\/blog\/#\/schema\/person\/fbaea56746bf348294afbf1862901d84","name":"Roland","image":{"@type":"ImageObject","inLanguage":"de","@id":"https:\/\/secure.gravatar.com\/avatar\/bb616155dc33dab0767dded8614bcb42f29153b83bb1ace4e5864e1326129aa4?s=96&d=mm&r=g","url":"https:\/\/secure.gravatar.com\/avatar\/bb616155dc33dab0767dded8614bcb42f29153b83bb1ace4e5864e1326129aa4?s=96&d=mm&r=g","contentUrl":"https:\/\/secure.gravatar.com\/avatar\/bb616155dc33dab0767dded8614bcb42f29153b83bb1ace4e5864e1326129aa4?s=96&d=mm&r=g","caption":"Roland"},"url":"https:\/\/www.rolandsulzer.com\/blog\/author\/rsulzeraon-at\/"}]}},"_links":{"self":[{"href":"https:\/\/www.rolandsulzer.com\/blog\/wp-json\/wp\/v2\/posts\/3540","targetHints":{"allow":["GET"]}}],"collection":[{"href":"https:\/\/www.rolandsulzer.com\/blog\/wp-json\/wp\/v2\/posts"}],"about":[{"href":"https:\/\/www.rolandsulzer.com\/blog\/wp-json\/wp\/v2\/types\/post"}],"author":[{"embeddable":true,"href":"https:\/\/www.rolandsulzer.com\/blog\/wp-json\/wp\/v2\/users\/1"}],"replies":[{"embeddable":true,"href":"https:\/\/www.rolandsulzer.com\/blog\/wp-json\/wp\/v2\/comments?post=3540"}],"version-history":[{"count":1,"href":"https:\/\/www.rolandsulzer.com\/blog\/wp-json\/wp\/v2\/posts\/3540\/revisions"}],"predecessor-version":[{"id":3584,"href":"https:\/\/www.rolandsulzer.com\/blog\/wp-json\/wp\/v2\/posts\/3540\/revisions\/3584"}],"wp:featuredmedia":[{"embeddable":true,"href":"https:\/\/www.rolandsulzer.com\/blog\/wp-json\/wp\/v2\/media\/3581"}],"wp:attachment":[{"href":"https:\/\/www.rolandsulzer.com\/blog\/wp-json\/wp\/v2\/media?parent=3540"}],"wp:term":[{"taxonomy":"category","embeddable":true,"href":"https:\/\/www.rolandsulzer.com\/blog\/wp-json\/wp\/v2\/categories?post=3540"},{"taxonomy":"post_tag","embeddable":true,"href":"https:\/\/www.rolandsulzer.com\/blog\/wp-json\/wp\/v2\/tags?post=3540"}],"curies":[{"name":"wp","href":"https:\/\/api.w.org\/{rel}","templated":true}]}}